{"id":7179,"date":"2017-03-19T13:36:33","date_gmt":"2017-03-19T13:36:33","guid":{"rendered":"http:\/\/centralmedia.rs\/?p=7179"},"modified":"2017-03-19T13:36:33","modified_gmt":"2017-03-19T13:36:33","slug":"na-sajmu-obrazovanja-u-cupriji-4-000-ucenika-ocena-odlican-5","status":"publish","type":"post","link":"https:\/\/centralmedia.rs\/index.php\/2017\/03\/19\/na-sajmu-obrazovanja-u-cupriji-4-000-ucenika-ocena-odlican-5\/","title":{"rendered":"NA SAJMU OBRAZOVANJA U \u0106UPRIJI 4.000 U\u010cENIKA &#8211; OCENA ODLI\u010cAN 5"},"content":{"rendered":"<p>\u0106UPRIJA-Regionalni 5. Sajam obrazovanja NOUfest 2017 posetilo je 4.000 u\u010denika iz Pomoravlja, a predstavilo se 30 faklulteta iz Srbije, kao i sve srednje \u0161kole iz tog kraja. Popularne radionice i predavanja su zbog interesovanja u\u010denika odr\u017eavane u amfiteatru. Tema sajma bio je Institut za nuklearne nauke Vin\u010da.<\/p>\n<figure id=\"attachment_7181\" aria-describedby=\"caption-attachment-7181\" style=\"width: 300px\" class=\"wp-caption alignright\"><a href=\"https:\/\/centralmedia.rs\/wp-content\/uploads\/2017\/03\/sajam-4.jpg\"><img loading=\"lazy\" decoding=\"async\" class=\"size-medium wp-image-7181\" src=\"https:\/\/centralmedia.rs\/wp-content\/uploads\/2017\/03\/sajam-4-300x225.jpg\" alt=\"\" width=\"300\" height=\"225\" srcset=\"https:\/\/centralmedia.rs\/wp-content\/uploads\/2017\/03\/sajam-4-300x225.jpg 300w, https:\/\/centralmedia.rs\/wp-content\/uploads\/2017\/03\/sajam-4-768x576.jpg 768w, https:\/\/centralmedia.rs\/wp-content\/uploads\/2017\/03\/sajam-4-80x60.jpg 80w, https:\/\/centralmedia.rs\/wp-content\/uploads\/2017\/03\/sajam-4-265x198.jpg 265w, https:\/\/centralmedia.rs\/wp-content\/uploads\/2017\/03\/sajam-4.jpg 960w\" sizes=\"(max-width: 300px) 100vw, 300px\" \/><\/a><figcaption id=\"caption-attachment-7181\" class=\"wp-caption-text\">NOU tim<\/figcaption><\/figure>\n<p>-Ocene posetilaca i u\u010desnika su u skladu sa sloganom sajma ,,Odli\u010dan 5\u201c. Nau\u010dni deo je mnogo ozbiljnije organizovan, pratili smo aktuelne teme u obrazovanju. Dobili smo podr\u0161ku Ministarstva prosvete, kazala je \u010dlanica NUO tima Vesna Todorovi\u0107.<\/p>\n<p>Svi sadr\u017eaji bili su besplatni, a za u\u010denike iz okolnih gradova organizovan je besplatan autobuski prevoz.<\/p>\n","protected":false},"excerpt":{"rendered":"<p>\u0106UPRIJA-Regionalni 5. Sajam obrazovanja NOUfest 2017 posetilo je 4.000 u\u010denika iz Pomoravlja, a predstavilo se 30 faklulteta iz Srbije, kao i sve srednje \u0161kole iz &hellip; <\/p>\n","protected":false},"author":4,"featured_media":7180,"comment_status":"open","ping_status":"open","sticky":false,"template":"","format":"standard","meta":{"footnotes":""},"categories":[1515,14,1524,2,887,12],"tags":[44,1751,604],"_links":{"self":[{"href":"https:\/\/centralmedia.rs\/index.php\/wp-json\/wp\/v2\/posts\/7179"}],"collection":[{"href":"https:\/\/centralmedia.rs\/index.php\/wp-json\/wp\/v2\/posts"}],"about":[{"href":"https:\/\/centralmedia.rs\/index.php\/wp-json\/wp\/v2\/types\/post"}],"author":[{"embeddable":true,"href":"https:\/\/centralmedia.rs\/index.php\/wp-json\/wp\/v2\/users\/4"}],"replies":[{"embeddable":true,"href":"https:\/\/centralmedia.rs\/index.php\/wp-json\/wp\/v2\/comments?post=7179"}],"version-history":[{"count":0,"href":"https:\/\/centralmedia.rs\/index.php\/wp-json\/wp\/v2\/posts\/7179\/revisions"}],"wp:featuredmedia":[{"embeddable":true,"href":"https:\/\/centralmedia.rs\/index.php\/wp-json\/wp\/v2\/media\/7180"}],"wp:attachment":[{"href":"https:\/\/centralmedia.rs\/index.php\/wp-json\/wp\/v2\/media?parent=7179"}],"wp:term":[{"taxonomy":"category","embeddable":true,"href":"https:\/\/centralmedia.rs\/index.php\/wp-json\/wp\/v2\/categories?post=7179"},{"taxonomy":"post_tag","embeddable":true,"href":"https:\/\/centralmedia.rs\/index.php\/wp-json\/wp\/v2\/tags?post=7179"}],"curies":[{"name":"wp","href":"https:\/\/api.w.org\/{rel}","templated":true}]}}