{"id":7183,"date":"2017-03-19T13:39:52","date_gmt":"2017-03-19T13:39:52","guid":{"rendered":"http:\/\/centralmedia.rs\/?p=7183"},"modified":"2017-03-19T13:39:52","modified_gmt":"2017-03-19T13:39:52","slug":"sajam-pcelara-u-paracinu","status":"publish","type":"post","link":"https:\/\/centralmedia.rs\/index.php\/2017\/03\/19\/sajam-pcelara-u-paracinu\/","title":{"rendered":"SAJAM P\u010cELARA U PARA\u0106INU"},"content":{"rendered":"<p>PARA\u0106IN-Tradicionalni 4. Sajam p\u010delarstva i meda u Para\u0107inu okupio je 50 p\u010delara iz Pomoravlja, Srbije i inostranstva. Sajam je organizovan pod pokroviteljstvom Op\u0161tine Para\u0107in i uz pomo\u0107 Turisti\u010dke organizacije. P\u010delari su prodavali svoje proizvode po ni\u017eim cenama, odr\u017eano je niz predavanja za p\u010delare i po\u010detnike.<\/p>\n<div id='gallery-1' class='gallery galleryid-7183 gallery-columns-2 gallery-size-full'><figure class='gallery-item'>\n\t\t\t<div class='gallery-icon landscape'>\n\t\t\t\t<a href='https:\/\/centralmedia.rs\/index.php\/2017\/03\/19\/sajam-pcelara-u-paracinu\/pcelari-turisticka-organizacija\/'><img loading=\"lazy\" decoding=\"async\" width=\"960\" height=\"720\" src=\"https:\/\/centralmedia.rs\/wp-content\/uploads\/2017\/03\/pcelari-turisticka-organizacija.jpg\" class=\"attachment-full size-full\" alt=\"\" srcset=\"https:\/\/centralmedia.rs\/wp-content\/uploads\/2017\/03\/pcelari-turisticka-organizacija.jpg 960w, https:\/\/centralmedia.rs\/wp-content\/uploads\/2017\/03\/pcelari-turisticka-organizacija-300x225.jpg 300w, https:\/\/centralmedia.rs\/wp-content\/uploads\/2017\/03\/pcelari-turisticka-organizacija-768x576.jpg 768w, https:\/\/centralmedia.rs\/wp-content\/uploads\/2017\/03\/pcelari-turisticka-organizacija-80x60.jpg 80w, https:\/\/centralmedia.rs\/wp-content\/uploads\/2017\/03\/pcelari-turisticka-organizacija-265x198.jpg 265w\" sizes=\"(max-width: 960px) 100vw, 960px\" \/><\/a>\n\t\t\t<\/div><\/figure><figure class='gallery-item'>\n\t\t\t<div class='gallery-icon landscape'>\n\t\t\t\t<a href='https:\/\/centralmedia.rs\/index.php\/2017\/03\/19\/sajam-pcelara-u-paracinu\/pcelar-2-turisticka-organizacija\/'><img loading=\"lazy\" decoding=\"async\" width=\"960\" height=\"720\" src=\"https:\/\/centralmedia.rs\/wp-content\/uploads\/2017\/03\/pcelar-2-turisticka-organizacija.jpg\" class=\"attachment-full size-full\" alt=\"\" srcset=\"https:\/\/centralmedia.rs\/wp-content\/uploads\/2017\/03\/pcelar-2-turisticka-organizacija.jpg 960w, https:\/\/centralmedia.rs\/wp-content\/uploads\/2017\/03\/pcelar-2-turisticka-organizacija-300x225.jpg 300w, https:\/\/centralmedia.rs\/wp-content\/uploads\/2017\/03\/pcelar-2-turisticka-organizacija-768x576.jpg 768w, https:\/\/centralmedia.rs\/wp-content\/uploads\/2017\/03\/pcelar-2-turisticka-organizacija-80x60.jpg 80w, https:\/\/centralmedia.rs\/wp-content\/uploads\/2017\/03\/pcelar-2-turisticka-organizacija-265x198.jpg 265w\" sizes=\"(max-width: 960px) 100vw, 960px\" \/><\/a>\n\t\t\t<\/div><\/figure>\n\t\t<\/div>\n\n","protected":false},"excerpt":{"rendered":"<p>PARA\u0106IN-Tradicionalni 4. Sajam p\u010delarstva i meda u Para\u0107inu okupio je 50 p\u010delara iz Pomoravlja, Srbije i inostranstva. Sajam je organizovan pod pokroviteljstvom Op\u0161tine Para\u0107in i &hellip; <\/p>\n","protected":false},"author":4,"featured_media":7184,"comment_status":"open","ping_status":"open","sticky":false,"template":"","format":"standard","meta":{"footnotes":""},"categories":[22,1524,2,1516],"tags":[156,206,1375],"_links":{"self":[{"href":"https:\/\/centralmedia.rs\/index.php\/wp-json\/wp\/v2\/posts\/7183"}],"collection":[{"href":"https:\/\/centralmedia.rs\/index.php\/wp-json\/wp\/v2\/posts"}],"about":[{"href":"https:\/\/centralmedia.rs\/index.php\/wp-json\/wp\/v2\/types\/post"}],"author":[{"embeddable":true,"href":"https:\/\/centralmedia.rs\/index.php\/wp-json\/wp\/v2\/users\/4"}],"replies":[{"embeddable":true,"href":"https:\/\/centralmedia.rs\/index.php\/wp-json\/wp\/v2\/comments?post=7183"}],"version-history":[{"count":0,"href":"https:\/\/centralmedia.rs\/index.php\/wp-json\/wp\/v2\/posts\/7183\/revisions"}],"wp:featuredmedia":[{"embeddable":true,"href":"https:\/\/centralmedia.rs\/index.php\/wp-json\/wp\/v2\/media\/7184"}],"wp:attachment":[{"href":"https:\/\/centralmedia.rs\/index.php\/wp-json\/wp\/v2\/media?parent=7183"}],"wp:term":[{"taxonomy":"category","embeddable":true,"href":"https:\/\/centralmedia.rs\/index.php\/wp-json\/wp\/v2\/categories?post=7183"},{"taxonomy":"post_tag","embeddable":true,"href":"https:\/\/centralmedia.rs\/index.php\/wp-json\/wp\/v2\/tags?post=7183"}],"curies":[{"name":"wp","href":"https:\/\/api.w.org\/{rel}","templated":true}]}}