{"id":7188,"date":"2017-03-19T14:00:09","date_gmt":"2017-03-19T14:00:09","guid":{"rendered":"http:\/\/centralmedia.rs\/?p=7188"},"modified":"2017-03-19T14:00:28","modified_gmt":"2017-03-19T14:00:28","slug":"milenijumska-zena","status":"publish","type":"post","link":"https:\/\/centralmedia.rs\/index.php\/2017\/03\/19\/milenijumska-zena\/","title":{"rendered":"MILENIJUMSKA \u017dENA"},"content":{"rendered":"<p>SVILAJNAC-U Centru za kulturu Svilajncu Udru\u017eenje \u201eMilenijumska \u017eena\u201c promovisala je ideju umre\u017eavanja \u017eena i organizacija \u017eena sa teritorije centralne i isto\u010dne Srbije.<\/p>\n<figure id=\"attachment_7190\" aria-describedby=\"caption-attachment-7190\" style=\"width: 217px\" class=\"wp-caption alignright\"><a href=\"https:\/\/centralmedia.rs\/wp-content\/uploads\/2017\/03\/marija-stevanovic.jpg\"><img loading=\"lazy\" decoding=\"async\" class=\"size-medium wp-image-7190\" src=\"https:\/\/centralmedia.rs\/wp-content\/uploads\/2017\/03\/marija-stevanovic-217x300.jpg\" alt=\"\" width=\"217\" height=\"300\" srcset=\"https:\/\/centralmedia.rs\/wp-content\/uploads\/2017\/03\/marija-stevanovic-217x300.jpg 217w, https:\/\/centralmedia.rs\/wp-content\/uploads\/2017\/03\/marija-stevanovic.jpg 693w\" sizes=\"(max-width: 217px) 100vw, 217px\" \/><\/a><figcaption id=\"caption-attachment-7190\" class=\"wp-caption-text\">Marija Stevanovi\u0107, predsednica UG Milenijumska \u017eena<\/figcaption><\/figure>\n<p>Neke od milenijumskih ciljeva promovisale sve zemlje \u010dlanice Ujedinjenih nacija\u00a0i dogovorile da ostvare: promovisanje jednakosti polova, smanjenje smrtnosti kod dece i pobolj\u0161anje zdravlja majki.Vo\u0111eni statisti\u010dkim podacima i sve \u010de\u0161\u0107im apelima \u017eena, nave\u0161\u0107emo slede\u0107e \u010dinjenice:<\/p>\n<p>-Podaci pokazuju da se razlike izme\u0111u stope zaposlenosti \u017eena i mu\u0161karaca smanjuju. \u017dene su manje zaposlene od mu\u0161karaca -42,7% prema 57,3% \u00a0i du\u017ee \u010dekaju na prvo zaposlenje. Najmanje je dva puta vi\u0161e mu\u0161karaca poslodavaca nego \u017eena. Osim u sektoru finansija, \u017eene \u010dine ve\u0107inu zaposlenih u najslabije pla\u0107enim delatnostima. \u017dene se \u010de\u0161\u0107e susre\u0107u sa diskriminacijom pri zapo\u0161ljavanju, a u naro\u010dito nepovoljnom polo\u017eaju su majke sa decom i \u017eene starije od 40 godina.<a href=\"https:\/\/centralmedia.rs\/wp-content\/uploads\/2017\/03\/milenijumse-zene.jpg\"><img loading=\"lazy\" decoding=\"async\" class=\"alignleft size-medium wp-image-7191\" src=\"https:\/\/centralmedia.rs\/wp-content\/uploads\/2017\/03\/milenijumse-zene-300x300.jpg\" alt=\"\" width=\"300\" height=\"300\" srcset=\"https:\/\/centralmedia.rs\/wp-content\/uploads\/2017\/03\/milenijumse-zene-300x300.jpg 300w, https:\/\/centralmedia.rs\/wp-content\/uploads\/2017\/03\/milenijumse-zene-150x150.jpg 150w, https:\/\/centralmedia.rs\/wp-content\/uploads\/2017\/03\/milenijumse-zene.jpg 526w\" sizes=\"(max-width: 300px) 100vw, 300px\" \/><\/a><\/p>\n<p>Sa druge strane, jasno je da dr\u017eava ima problem sa \u201ebelom kugom\u201c, ali sve \u0161to se po tom pitanj u\u010dini je naj\u010de\u0161\u0107e mrtvo slovo na papiru. Da bi \u017eena vodila ra\u010duna o deci potrebna su joj svamogu\u0107a olak\u0161anja i privilegije, a ne obrnuto. Niz je primera u razvijenim zemljama i ovim putem se ne bismo bavili njihovim zakonodavstvom. Imaju\u0107i u vidu stanje u Srbiji, \u00a0spremni smo da pomognemo i preporu\u010dimo nadle\u017enim institucijama da prihvate sve ono \u0161to \u017eeni, a samim tim i dr\u017eavi mo\u017ee biti od koristi.<\/p>\n<p>\u201eMilenijumska \u017eena\u201c ima nameru da kroz umre\u017eavanje udru\u017eenja pomogne pre svega \u017eeni \u2013 \u017eeni poslodavcu, \u017eeni doma\u0107ici.<a href=\"https:\/\/centralmedia.rs\/wp-content\/uploads\/2017\/03\/milenijumse-zene-2.jpg\"><img loading=\"lazy\" decoding=\"async\" class=\"alignright size-medium wp-image-7192\" src=\"https:\/\/centralmedia.rs\/wp-content\/uploads\/2017\/03\/milenijumse-zene-2-300x200.jpg\" alt=\"\" width=\"300\" height=\"200\" srcset=\"https:\/\/centralmedia.rs\/wp-content\/uploads\/2017\/03\/milenijumse-zene-2-300x200.jpg 300w, https:\/\/centralmedia.rs\/wp-content\/uploads\/2017\/03\/milenijumse-zene-2-768x513.jpg 768w, https:\/\/centralmedia.rs\/wp-content\/uploads\/2017\/03\/milenijumse-zene-2.jpg 960w\" sizes=\"(max-width: 300px) 100vw, 300px\" \/><\/a>O ulozi, zna\u010daju i u\u010de\u0161\u0107u \u017eena u svim segmentima dru\u0161tva govorili su Dr Sanja Popovi\u0107-Panti\u0107, predsednica Udru\u017eenja poslovnih \u017eena Srbije, Diana Gligorijevi\u0107, predsednicaKluba prvih \u017eena, Nenad Neri\u0107, dr\u017eavni sekretar Ministarstva odbrane.<\/p>\n","protected":false},"excerpt":{"rendered":"<p>SVILAJNAC-U Centru za kulturu Svilajncu Udru\u017eenje \u201eMilenijumska \u017eena\u201c promovisala je ideju umre\u017eavanja \u017eena i organizacija \u017eena sa teritorije centralne i isto\u010dne Srbije. Neke od milenijumskih &hellip; <\/p>\n","protected":false},"author":4,"featured_media":7189,"comment_status":"open","ping_status":"open","sticky":false,"template":"","format":"standard","meta":{"footnotes":""},"categories":[14,2,23,12],"tags":[1762,38],"_links":{"self":[{"href":"https:\/\/centralmedia.rs\/index.php\/wp-json\/wp\/v2\/posts\/7188"}],"collection":[{"href":"https:\/\/centralmedia.rs\/index.php\/wp-json\/wp\/v2\/posts"}],"about":[{"href":"https:\/\/centralmedia.rs\/index.php\/wp-json\/wp\/v2\/types\/post"}],"author":[{"embeddable":true,"href":"https:\/\/centralmedia.rs\/index.php\/wp-json\/wp\/v2\/users\/4"}],"replies":[{"embeddable":true,"href":"https:\/\/centralmedia.rs\/index.php\/wp-json\/wp\/v2\/comments?post=7188"}],"version-history":[{"count":0,"href":"https:\/\/centralmedia.rs\/index.php\/wp-json\/wp\/v2\/posts\/7188\/revisions"}],"wp:featuredmedia":[{"embeddable":true,"href":"https:\/\/centralmedia.rs\/index.php\/wp-json\/wp\/v2\/media\/7189"}],"wp:attachment":[{"href":"https:\/\/centralmedia.rs\/index.php\/wp-json\/wp\/v2\/media?parent=7188"}],"wp:term":[{"taxonomy":"category","embeddable":true,"href":"https:\/\/centralmedia.rs\/index.php\/wp-json\/wp\/v2\/categories?post=7188"},{"taxonomy":"post_tag","embeddable":true,"href":"https:\/\/centralmedia.rs\/index.php\/wp-json\/wp\/v2\/tags?post=7188"}],"curies":[{"name":"wp","href":"https:\/\/api.w.org\/{rel}","templated":true}]}}