{"id":7203,"date":"2017-03-19T22:51:16","date_gmt":"2017-03-19T22:51:16","guid":{"rendered":"http:\/\/centralmedia.rs\/?p=7203"},"modified":"2017-03-19T22:51:16","modified_gmt":"2017-03-19T22:51:16","slug":"jankovic-u-utorak-u-jagodini","status":"publish","type":"post","link":"https:\/\/centralmedia.rs\/index.php\/2017\/03\/19\/jankovic-u-utorak-u-jagodini\/","title":{"rendered":"JANKOVI\u0106 U UTORAK U JAGODINI"},"content":{"rendered":"<p>JAGODINA-Kandidat za predsednika Srbije Sa\u0161a Jankovi\u0107 u utorak 21. marta u 16.30 posetu Jagodini zapo\u010de\u0107e ispred Muzeja naivne i marginalne umetnosti. On \u0107e se zatim obratiti gra\u0111anima na Gradskom skveru, kao i neko od potpisnika Apela 100.<\/p>\n","protected":false},"excerpt":{"rendered":"<p>JAGODINA-Kandidat za predsednika Srbije Sa\u0161a Jankovi\u0107 u utorak 21. marta u 16.30 posetu Jagodini zapo\u010de\u0107e ispred Muzeja naivne i marginalne umetnosti. On \u0107e se zatim &hellip; <\/p>\n","protected":false},"author":4,"featured_media":7084,"comment_status":"open","ping_status":"open","sticky":false,"template":"","format":"standard","meta":{"footnotes":""},"categories":[1524,2,1514,13,12],"tags":[58,1766,243],"_links":{"self":[{"href":"https:\/\/centralmedia.rs\/index.php\/wp-json\/wp\/v2\/posts\/7203"}],"collection":[{"href":"https:\/\/centralmedia.rs\/index.php\/wp-json\/wp\/v2\/posts"}],"about":[{"href":"https:\/\/centralmedia.rs\/index.php\/wp-json\/wp\/v2\/types\/post"}],"author":[{"embeddable":true,"href":"https:\/\/centralmedia.rs\/index.php\/wp-json\/wp\/v2\/users\/4"}],"replies":[{"embeddable":true,"href":"https:\/\/centralmedia.rs\/index.php\/wp-json\/wp\/v2\/comments?post=7203"}],"version-history":[{"count":0,"href":"https:\/\/centralmedia.rs\/index.php\/wp-json\/wp\/v2\/posts\/7203\/revisions"}],"wp:featuredmedia":[{"embeddable":true,"href":"https:\/\/centralmedia.rs\/index.php\/wp-json\/wp\/v2\/media\/7084"}],"wp:attachment":[{"href":"https:\/\/centralmedia.rs\/index.php\/wp-json\/wp\/v2\/media?parent=7203"}],"wp:term":[{"taxonomy":"category","embeddable":true,"href":"https:\/\/centralmedia.rs\/index.php\/wp-json\/wp\/v2\/categories?post=7203"},{"taxonomy":"post_tag","embeddable":true,"href":"https:\/\/centralmedia.rs\/index.php\/wp-json\/wp\/v2\/tags?post=7203"}],"curies":[{"name":"wp","href":"https:\/\/api.w.org\/{rel}","templated":true}]}}