{"id":7217,"date":"2017-03-21T13:11:01","date_gmt":"2017-03-21T13:11:01","guid":{"rendered":"http:\/\/centralmedia.rs\/?p=7217"},"modified":"2017-03-21T13:11:01","modified_gmt":"2017-03-21T13:11:01","slug":"svetski-dan-sume-u-rekovcu","status":"publish","type":"post","link":"https:\/\/centralmedia.rs\/index.php\/2017\/03\/21\/svetski-dan-sume-u-rekovcu\/","title":{"rendered":"SVETSKI DAN \u0160UME U REKOVCU"},"content":{"rendered":"<p>REKOVAC-Povodom me\u0111unarodnog Dana \u0161ume, predsednik op\u0161tine Rekovac dr Aleksandar \u0110or\u0111evi\u0107 je zasadio drvo u dvori\u0161tu O\u0160 \u201cSvetozar Markovi\u0107\u201d i zahvalio se JP \u201cSrbija\u0161ume\u201d koji je donirao dvanaest sadnica za tu \u0161kolu. Teritorija te op\u0161tine je obiluje kvalitetnim \u0161umama.<\/p>\n","protected":false},"excerpt":{"rendered":"<p>REKOVAC-Povodom me\u0111unarodnog Dana \u0161ume, predsednik op\u0161tine Rekovac dr Aleksandar \u0110or\u0111evi\u0107 je zasadio drvo u dvori\u0161tu O\u0160 \u201cSvetozar Markovi\u0107\u201d i zahvalio se JP \u201cSrbija\u0161ume\u201d koji je &hellip; <\/p>\n","protected":false},"author":4,"featured_media":7218,"comment_status":"open","ping_status":"open","sticky":false,"template":"","format":"standard","meta":{"footnotes":""},"categories":[1524,2,1519],"tags":[1769,1770],"_links":{"self":[{"href":"https:\/\/centralmedia.rs\/index.php\/wp-json\/wp\/v2\/posts\/7217"}],"collection":[{"href":"https:\/\/centralmedia.rs\/index.php\/wp-json\/wp\/v2\/posts"}],"about":[{"href":"https:\/\/centralmedia.rs\/index.php\/wp-json\/wp\/v2\/types\/post"}],"author":[{"embeddable":true,"href":"https:\/\/centralmedia.rs\/index.php\/wp-json\/wp\/v2\/users\/4"}],"replies":[{"embeddable":true,"href":"https:\/\/centralmedia.rs\/index.php\/wp-json\/wp\/v2\/comments?post=7217"}],"version-history":[{"count":0,"href":"https:\/\/centralmedia.rs\/index.php\/wp-json\/wp\/v2\/posts\/7217\/revisions"}],"wp:featuredmedia":[{"embeddable":true,"href":"https:\/\/centralmedia.rs\/index.php\/wp-json\/wp\/v2\/media\/7218"}],"wp:attachment":[{"href":"https:\/\/centralmedia.rs\/index.php\/wp-json\/wp\/v2\/media?parent=7217"}],"wp:term":[{"taxonomy":"category","embeddable":true,"href":"https:\/\/centralmedia.rs\/index.php\/wp-json\/wp\/v2\/categories?post=7217"},{"taxonomy":"post_tag","embeddable":true,"href":"https:\/\/centralmedia.rs\/index.php\/wp-json\/wp\/v2\/tags?post=7217"}],"curies":[{"name":"wp","href":"https:\/\/api.w.org\/{rel}","templated":true}]}}