{"id":7224,"date":"2017-03-21T18:09:45","date_gmt":"2017-03-21T18:09:45","guid":{"rendered":"http:\/\/centralmedia.rs\/?p=7224"},"modified":"2017-03-21T21:05:48","modified_gmt":"2017-03-21T21:05:48","slug":"sasa-jankovic-u-jagodini-zastiticu-od-nasilja-gradjane-srbije","status":"publish","type":"post","link":"https:\/\/centralmedia.rs\/index.php\/2017\/03\/21\/sasa-jankovic-u-jagodini-zastiticu-od-nasilja-gradjane-srbije\/","title":{"rendered":"SA\u0160A JANKOVI\u0106 U JAGODINI &#8211; ZA\u0160TITI\u0106U OD NASILJA GRA\u0110ANE SRBIJE"},"content":{"rendered":"<p>JAGODINA-Kandidat za predsednika Srbije Sa\u0161a Jankovi\u0107 izjavio je u Jagodini povodom \u00a0saop\u0161tenja SNS u kome se u negativnom kontekstu pominje Nata\u0161a Jeremi\u0107, da \u0107e za\u0161titi i nju i gra\u0111ane Srbije od te vrste nasilja, kao i da \u00a0\u017eene u Srbiji ni na koji na\u010din ne smeju da trpe nasilje, ne smeju da budu vre\u0107e za udaranje iz politi\u010dkih i bilo kojih drugih razloga.<a href=\"https:\/\/centralmedia.rs\/wp-content\/uploads\/2017\/03\/jankovic-jagodina-g.j..jpg\"><img loading=\"lazy\" decoding=\"async\" class=\"alignright size-medium wp-image-7226\" src=\"https:\/\/centralmedia.rs\/wp-content\/uploads\/2017\/03\/jankovic-jagodina-g.j.-300x200.jpg\" alt=\"\" width=\"300\" height=\"200\" srcset=\"https:\/\/centralmedia.rs\/wp-content\/uploads\/2017\/03\/jankovic-jagodina-g.j.-300x200.jpg 300w, https:\/\/centralmedia.rs\/wp-content\/uploads\/2017\/03\/jankovic-jagodina-g.j.-768x513.jpg 768w, https:\/\/centralmedia.rs\/wp-content\/uploads\/2017\/03\/jankovic-jagodina-g.j..jpg 900w\" sizes=\"(max-width: 300px) 100vw, 300px\" \/><\/a><\/p>\n<p>-Kao predsednik dr\u017eave insistira\u0107u da institucije sprovode svoja ovla\u0161\u0107enja, da odgovoraju za to koliko efiaksno \u0161tite gra\u0111ane od nasilja, a ne da se saop\u0161tenjima nadme\u0107emo ko \u0107e vi\u0161e osuditi, dok su\u0161tinski ostaje sve po starom. Vrati\u0107emo bezbednost,vrati\u0107emo sigurnost gra\u0111ana Srbije, sigurnsotu domove.\u00a0 Ovo \u0161to se danas de\u0161ava je najru\u017enije lice koje Srbija ne zaslu\u017euje, rekao je Jeremi\u0107 i dodao \u017eene u Srbiji ni na koji na\u010din ne smeju da trpe nasilje, ne smeju da budu vre\u0107e za udaranje iz politi\u010dkih i bilo kojih drugih razloga. Srbija mo\u017ee i mora mnogo bolje od ovoga.<\/p>\n<p>-U Srbiji se te\u0161ko \u017eivi i gra\u0111ani Srbije su stalno na meti te\u0161kih re\u010di, te\u0161kih pretnji, te\u0161kih ocena. Stalno nam se sugeri\u0161e da samo \u0161to nas nisu napali sleva,sdesna odozgo, odzdo. To je na\u010din vlasti koja potcenjuje intelegenciju gra\u0111ana,vre\u0111a razum. Vrati\u0107emo osmeh na lica gra\u0111ana Srbije, vrati\u0107emo smisao institucijama, nipo\u010demu nismo osu\u0111eni na vrstu torture koja se nad nama sprovodi, istakao je Jankovi\u0107.<a href=\"https:\/\/centralmedia.rs\/wp-content\/uploads\/2017\/03\/srbijanka-turajlic-jagodina-g.j..jpg\"><img loading=\"lazy\" decoding=\"async\" class=\"alignright size-medium wp-image-7227\" src=\"https:\/\/centralmedia.rs\/wp-content\/uploads\/2017\/03\/srbijanka-turajlic-jagodina-g.j.-300x199.jpg\" alt=\"\" width=\"300\" height=\"199\" srcset=\"https:\/\/centralmedia.rs\/wp-content\/uploads\/2017\/03\/srbijanka-turajlic-jagodina-g.j.-300x199.jpg 300w, https:\/\/centralmedia.rs\/wp-content\/uploads\/2017\/03\/srbijanka-turajlic-jagodina-g.j.-768x510.jpg 768w, https:\/\/centralmedia.rs\/wp-content\/uploads\/2017\/03\/srbijanka-turajlic-jagodina-g.j..jpg 903w\" sizes=\"(max-width: 300px) 100vw, 300px\" \/><\/a><\/p>\n<p>On je naglasio da Srbija nije muzej vo\u0161tanih figura i da u Srbiji postoje sjajne divne stvari poput Muzeja naivne i marginalne umetnosti u Jagodini.<\/p>\n<p>&#8211; Srbija nije osu\u0111ena da bude na za\u010delju Evrope, da se stalno pla\u0161imo bilo \u010dega, imamo sjajne ljude, umetnike, in\u017eenjere, pravnike, ekonomiste, u\u010ditelje, sjajne politi\u010dare. Sve \u0161to treba da uradimo je da se okrenemo sebi, napravimo dr\u017eavu koja \u0107e omogu\u0107iti svakom od nas da bude ono \u0161to jeste i nema bilo kakve sumnje da Srbija ima dobru budu\u0107nost, zaklju\u010dio je on.<\/p>\n<p>Jankovi\u0107e je sa Dudom Ivkovi\u0107em, Srbijankom Turajli\u0107 i poslanicom Marinkom Tepi\u0107 posetio Muzej naivne i marginalne umetnosti u Jagodini.<\/p>\n<p>-Sa mojim penzionerkama sam konstatovala da mi sigurno ne\u0107emo do\u010dekati 35 godina da nam vrate penzije. Nevolja je u tome da mladi veruju da \u0107e \u017eiveti 35 godina koliko je Vu\u010di\u0107 potrebno da odr\u017ei svoju re\u010d. Moramo stavri uraditi odmah, kroz deset dana i rkenuti na drugu stranu. Imamo sre\u0107u da je Sa\u0161a Jankovi\u0107 odlu\u010dio da nas povede, kazala je Srbijana Turajli\u0107.<a href=\"https:\/\/centralmedia.rs\/wp-content\/uploads\/2017\/03\/ana-milosevic-jagodina-g.j..jpg\"><img loading=\"lazy\" decoding=\"async\" class=\"alignright size-medium wp-image-7228\" src=\"https:\/\/centralmedia.rs\/wp-content\/uploads\/2017\/03\/ana-milosevic-jagodina-g.j.-300x194.jpg\" alt=\"\" width=\"300\" height=\"194\" srcset=\"https:\/\/centralmedia.rs\/wp-content\/uploads\/2017\/03\/ana-milosevic-jagodina-g.j.-300x194.jpg 300w, https:\/\/centralmedia.rs\/wp-content\/uploads\/2017\/03\/ana-milosevic-jagodina-g.j.-768x498.jpg 768w, https:\/\/centralmedia.rs\/wp-content\/uploads\/2017\/03\/ana-milosevic-jagodina-g.j..jpg 926w\" sizes=\"(max-width: 300px) 100vw, 300px\" \/><\/a><\/p>\n<p>Ana Jovanovi\u0107, potpisnica Apela 100 iz Jagodine, \u00a0je zahvalila svojim sugra\u0111anima, jer su podr\u0161kom Jankovi\u0107u pokazali veliku hrabrost i spremnost za suprotstavljanje lokalnom re\u017eimu.<\/p>\n","protected":false},"excerpt":{"rendered":"<p>JAGODINA-Kandidat za predsednika Srbije Sa\u0161a Jankovi\u0107 izjavio je u Jagodini povodom \u00a0saop\u0161tenja SNS u kome se u negativnom kontekstu pominje Nata\u0161a Jeremi\u0107, da \u0107e za\u0161titi &hellip; <\/p>\n","protected":false},"author":4,"featured_media":7225,"comment_status":"open","ping_status":"open","sticky":false,"template":"","format":"standard","meta":{"footnotes":""},"categories":[1524,2,1514,13,12],"tags":[58,243],"_links":{"self":[{"href":"https:\/\/centralmedia.rs\/index.php\/wp-json\/wp\/v2\/posts\/7224"}],"collection":[{"href":"https:\/\/centralmedia.rs\/index.php\/wp-json\/wp\/v2\/posts"}],"about":[{"href":"https:\/\/centralmedia.rs\/index.php\/wp-json\/wp\/v2\/types\/post"}],"author":[{"embeddable":true,"href":"https:\/\/centralmedia.rs\/index.php\/wp-json\/wp\/v2\/users\/4"}],"replies":[{"embeddable":true,"href":"https:\/\/centralmedia.rs\/index.php\/wp-json\/wp\/v2\/comments?post=7224"}],"version-history":[{"count":0,"href":"https:\/\/centralmedia.rs\/index.php\/wp-json\/wp\/v2\/posts\/7224\/revisions"}],"wp:featuredmedia":[{"embeddable":true,"href":"https:\/\/centralmedia.rs\/index.php\/wp-json\/wp\/v2\/media\/7225"}],"wp:attachment":[{"href":"https:\/\/centralmedia.rs\/index.php\/wp-json\/wp\/v2\/media?parent=7224"}],"wp:term":[{"taxonomy":"category","embeddable":true,"href":"https:\/\/centralmedia.rs\/index.php\/wp-json\/wp\/v2\/categories?post=7224"},{"taxonomy":"post_tag","embeddable":true,"href":"https:\/\/centralmedia.rs\/index.php\/wp-json\/wp\/v2\/tags?post=7224"}],"curies":[{"name":"wp","href":"https:\/\/api.w.org\/{rel}","templated":true}]}}