{"id":7242,"date":"2017-03-22T12:44:19","date_gmt":"2017-03-22T12:44:19","guid":{"rendered":"http:\/\/centralmedia.rs\/?p=7242"},"modified":"2017-03-22T12:44:19","modified_gmt":"2017-03-22T12:44:19","slug":"bivsi-radnici-fabrike-kablova-radikalizacija-protesta","status":"publish","type":"post","link":"https:\/\/centralmedia.rs\/index.php\/2017\/03\/22\/bivsi-radnici-fabrike-kablova-radikalizacija-protesta\/","title":{"rendered":"BIV\u0160I RADNICI FABRIKE KABLOVA &#8211; RADIKALIZACIJA PROTESTA"},"content":{"rendered":"<p>JAGODINA-Biv\u0161i radnici Fabrike kablova iz Jagodine na dana\u0161njem skupu najavili su radikalizaciju protesta, jer smataju da dr\u017eavni organi ote\u017eu sa re\u0161avanjem njihovih problema, a glavni zahtev je isplata svih dugovanja. Oni \u0107e narednih dana odlu\u010diti da li \u0107e blokirati autoput, lokacije Fabrike kablova ili \u0107e zapo\u010deti \u0161trajk gla\u0111u ispred zgrade Skup\u0161tine grada.\u00a0<a href=\"https:\/\/centralmedia.rs\/wp-content\/uploads\/2017\/03\/protest-jagodina-g.j..jpg\"><img loading=\"lazy\" decoding=\"async\" class=\"alignright size-medium wp-image-7244\" src=\"https:\/\/centralmedia.rs\/wp-content\/uploads\/2017\/03\/protest-jagodina-g.j.-225x300.jpg\" alt=\"\" width=\"225\" height=\"300\" srcset=\"https:\/\/centralmedia.rs\/wp-content\/uploads\/2017\/03\/protest-jagodina-g.j.-225x300.jpg 225w, https:\/\/centralmedia.rs\/wp-content\/uploads\/2017\/03\/protest-jagodina-g.j..jpg 675w\" sizes=\"(max-width: 225px) 100vw, 225px\" \/><\/a><\/p>\n<p>-Odgovora na na\u0161e zahteve iz Ministarstva privrede nema, pro\u0161lo je deset dana koliko su nam kazali da im treba za sagledavanje problema. Prolongirali su slanje odgovora za petak, ako odgovora nema, radnici predla\u017eu radikalizaciju. Dogovori\u0107emo se narednim o koracima, rekao je jedan od \u010dlanova organizacionog odbora Dragan Milanovi\u0107.<\/p>\n<p>Biv\u0161i radnici zahtevaju isplatu svih dugovanja, re\u0161avanje njihovog statusa i smenu direktora Ratka Vu\u010durovi\u0107a, kao i predsednika sindikata Olivera Jovanovskog. Ina\u010de, ovo je bilo \u0161esto okupljanje biv\u0161ih radnika.<\/p>\n","protected":false},"excerpt":{"rendered":"<p>JAGODINA-Biv\u0161i radnici Fabrike kablova iz Jagodine na dana\u0161njem skupu najavili su radikalizaciju protesta, jer smataju da dr\u017eavni organi ote\u017eu sa re\u0161avanjem njihovih problema, a glavni &hellip; <\/p>\n","protected":false},"author":4,"featured_media":7243,"comment_status":"open","ping_status":"open","sticky":false,"template":"","format":"standard","meta":{"footnotes":""},"categories":[22,1524,2,1514],"tags":[368,58,523],"_links":{"self":[{"href":"https:\/\/centralmedia.rs\/index.php\/wp-json\/wp\/v2\/posts\/7242"}],"collection":[{"href":"https:\/\/centralmedia.rs\/index.php\/wp-json\/wp\/v2\/posts"}],"about":[{"href":"https:\/\/centralmedia.rs\/index.php\/wp-json\/wp\/v2\/types\/post"}],"author":[{"embeddable":true,"href":"https:\/\/centralmedia.rs\/index.php\/wp-json\/wp\/v2\/users\/4"}],"replies":[{"embeddable":true,"href":"https:\/\/centralmedia.rs\/index.php\/wp-json\/wp\/v2\/comments?post=7242"}],"version-history":[{"count":0,"href":"https:\/\/centralmedia.rs\/index.php\/wp-json\/wp\/v2\/posts\/7242\/revisions"}],"wp:featuredmedia":[{"embeddable":true,"href":"https:\/\/centralmedia.rs\/index.php\/wp-json\/wp\/v2\/media\/7243"}],"wp:attachment":[{"href":"https:\/\/centralmedia.rs\/index.php\/wp-json\/wp\/v2\/media?parent=7242"}],"wp:term":[{"taxonomy":"category","embeddable":true,"href":"https:\/\/centralmedia.rs\/index.php\/wp-json\/wp\/v2\/categories?post=7242"},{"taxonomy":"post_tag","embeddable":true,"href":"https:\/\/centralmedia.rs\/index.php\/wp-json\/wp\/v2\/tags?post=7242"}],"curies":[{"name":"wp","href":"https:\/\/api.w.org\/{rel}","templated":true}]}}