{"id":7274,"date":"2017-03-24T16:32:13","date_gmt":"2017-03-24T16:32:13","guid":{"rendered":"http:\/\/centralmedia.rs\/?p=7274"},"modified":"2017-03-24T16:32:13","modified_gmt":"2017-03-24T16:32:13","slug":"pozar-u-cupriji-cetiri-osobe-primile-hitnu-medicinsku-pomoc","status":"publish","type":"post","link":"https:\/\/centralmedia.rs\/index.php\/2017\/03\/24\/pozar-u-cupriji-cetiri-osobe-primile-hitnu-medicinsku-pomoc\/","title":{"rendered":"PO\u017dAR U \u0106UPRIJI &#8211; \u010cETIRI OSOBE PRIMILE HITNU MEDICINSKU POMO\u0106"},"content":{"rendered":"<p>\u0106UPRIJA-Zbog velikog po\u017eara u stanu na tre\u0107em spratu zgrade u Kara\u0111or\u0111evoj ulici u \u0106upriji, \u010detiri osobe, koje su se nagutale dimom, primile su hitnu medicinsku pomo\u0107. Po\u017ear je izbio posle 15 sati, a brzom intervencijom \u010detiri vatrogasana vozila iz \u0106uprije, Jagodine i Para\u0107ina lokalizovala su stihiju posle pola sata. Uzrok po\u017eara nije poznat, glavna ulica je zavorena za saobra\u0107aj, tako\u0111e je isklju\u010dena struja u centaru grada.<\/p>\n<div id='gallery-1' class='gallery galleryid-7274 gallery-columns-2 gallery-size-full'><figure class='gallery-item'>\n\t\t\t<div class='gallery-icon portrait'>\n\t\t\t\t<a href='https:\/\/centralmedia.rs\/index.php\/2017\/03\/24\/pozar-u-cupriji-cetiri-osobe-primile-hitnu-medicinsku-pomoc\/pozar\/'><img loading=\"lazy\" decoding=\"async\" width=\"720\" height=\"960\" src=\"https:\/\/centralmedia.rs\/wp-content\/uploads\/2017\/03\/pozar.jpg\" class=\"attachment-full size-full\" alt=\"\" srcset=\"https:\/\/centralmedia.rs\/wp-content\/uploads\/2017\/03\/pozar.jpg 720w, https:\/\/centralmedia.rs\/wp-content\/uploads\/2017\/03\/pozar-225x300.jpg 225w\" sizes=\"(max-width: 720px) 100vw, 720px\" \/><\/a>\n\t\t\t<\/div><\/figure><figure class='gallery-item'>\n\t\t\t<div class='gallery-icon portrait'>\n\t\t\t\t<a href='https:\/\/centralmedia.rs\/index.php\/2017\/03\/24\/pozar-u-cupriji-cetiri-osobe-primile-hitnu-medicinsku-pomoc\/pozar-1\/'><img loading=\"lazy\" decoding=\"async\" width=\"720\" height=\"960\" src=\"https:\/\/centralmedia.rs\/wp-content\/uploads\/2017\/03\/pozar-1.jpg\" class=\"attachment-full size-full\" alt=\"\" srcset=\"https:\/\/centralmedia.rs\/wp-content\/uploads\/2017\/03\/pozar-1.jpg 720w, https:\/\/centralmedia.rs\/wp-content\/uploads\/2017\/03\/pozar-1-225x300.jpg 225w\" sizes=\"(max-width: 720px) 100vw, 720px\" \/><\/a>\n\t\t\t<\/div><\/figure>\n\t\t<\/div>\n\n","protected":false},"excerpt":{"rendered":"<p>\u0106UPRIJA-Zbog velikog po\u017eara u stanu na tre\u0107em spratu zgrade u Kara\u0111or\u0111evoj ulici u \u0106upriji, \u010detiri osobe, koje su se nagutale dimom, primile su hitnu medicinsku &hellip; <\/p>\n","protected":false},"author":4,"featured_media":7277,"comment_status":"open","ping_status":"open","sticky":false,"template":"","format":"standard","meta":{"footnotes":""},"categories":[1515,1524,20,2],"tags":[44,323],"_links":{"self":[{"href":"https:\/\/centralmedia.rs\/index.php\/wp-json\/wp\/v2\/posts\/7274"}],"collection":[{"href":"https:\/\/centralmedia.rs\/index.php\/wp-json\/wp\/v2\/posts"}],"about":[{"href":"https:\/\/centralmedia.rs\/index.php\/wp-json\/wp\/v2\/types\/post"}],"author":[{"embeddable":true,"href":"https:\/\/centralmedia.rs\/index.php\/wp-json\/wp\/v2\/users\/4"}],"replies":[{"embeddable":true,"href":"https:\/\/centralmedia.rs\/index.php\/wp-json\/wp\/v2\/comments?post=7274"}],"version-history":[{"count":0,"href":"https:\/\/centralmedia.rs\/index.php\/wp-json\/wp\/v2\/posts\/7274\/revisions"}],"wp:featuredmedia":[{"embeddable":true,"href":"https:\/\/centralmedia.rs\/index.php\/wp-json\/wp\/v2\/media\/7277"}],"wp:attachment":[{"href":"https:\/\/centralmedia.rs\/index.php\/wp-json\/wp\/v2\/media?parent=7274"}],"wp:term":[{"taxonomy":"category","embeddable":true,"href":"https:\/\/centralmedia.rs\/index.php\/wp-json\/wp\/v2\/categories?post=7274"},{"taxonomy":"post_tag","embeddable":true,"href":"https:\/\/centralmedia.rs\/index.php\/wp-json\/wp\/v2\/tags?post=7274"}],"curies":[{"name":"wp","href":"https:\/\/api.w.org\/{rel}","templated":true}]}}