{"id":7284,"date":"2017-03-26T17:28:38","date_gmt":"2017-03-26T17:28:38","guid":{"rendered":"http:\/\/centralmedia.rs\/?p=7284"},"modified":"2017-03-26T20:14:52","modified_gmt":"2017-03-26T20:14:52","slug":"najintrigantniji-predsednicki-kandidat-u-jagodini-beli-drzavni-novac-za-kampanju-delicu-sirotinji-sakom-kapom","status":"publish","type":"post","link":"https:\/\/centralmedia.rs\/index.php\/2017\/03\/26\/najintrigantniji-predsednicki-kandidat-u-jagodini-beli-drzavni-novac-za-kampanju-delicu-sirotinji-sakom-kapom\/","title":{"rendered":"NAJINTRIGANTNIJI PREDSEDNI\u010cKI KANDIDAT U JAGODINI &#8211; BELI : DR\u017dAVNI NOVAC ZA KAMPANJU DELI\u0106U SIROTINJI \u0160AKOM I KAPOM"},"content":{"rendered":"<p>JAGODINA-Kandidat za predsednika Srbije Ljubi\u0161a Beli Preleta\u010devi\u0107- Luka Maksimovi\u0107 ve\u010deras je izjavio u Jagodini da \u0107e ukoliko pro\u0111e u drugi krug podeliti sirotinji Srbije preko 1,5 miliona evra dr\u017eavnih para namenjenih za kampanju. Svaki kandidat kojeg proglasi RIK ima na raspolaganju 29 miliona dinara ili 237 hiljada evra u prvom krugu i 1,3 miliona u drugom krugu.<a href=\"https:\/\/centralmedia.rs\/wp-content\/uploads\/2017\/03\/boris.jpg\"><img loading=\"lazy\" decoding=\"async\" class=\"alignleft size-medium wp-image-7293\" src=\"https:\/\/centralmedia.rs\/wp-content\/uploads\/2017\/03\/boris-193x300.jpg\" alt=\"\" width=\"193\" height=\"300\" srcset=\"https:\/\/centralmedia.rs\/wp-content\/uploads\/2017\/03\/boris-193x300.jpg 193w, https:\/\/centralmedia.rs\/wp-content\/uploads\/2017\/03\/boris.jpg 580w\" sizes=\"(max-width: 193px) 100vw, 193px\" \/><\/a><\/p>\n<p>-Potro\u0161i\u0107u milion dinara u kampanji, mislim da je to sasvim dovoljno. Potpisi su 700 hiljada dinara, ostaje nam jo\u0161 300 hiljada koje ne mo\u017eemo da potro\u0161imo u kampanji. Ne znam gde ovi politi\u010dari tro\u0161e tolike pare. Sirotinji \u0107u ako pro\u0111em u drugi krug deliti dr\u017eavni novac i \u0161akom i kapom, najavio je Beli.<a href=\"https:\/\/centralmedia.rs\/wp-content\/uploads\/2017\/03\/beli-4-jagodina-g.j..jpg\"><img loading=\"lazy\" decoding=\"async\" class=\"alignright size-medium wp-image-7287\" src=\"https:\/\/centralmedia.rs\/wp-content\/uploads\/2017\/03\/beli-4-jagodina-g.j.-300x225.jpg\" alt=\"\" width=\"300\" height=\"225\" srcset=\"https:\/\/centralmedia.rs\/wp-content\/uploads\/2017\/03\/beli-4-jagodina-g.j.-300x225.jpg 300w, https:\/\/centralmedia.rs\/wp-content\/uploads\/2017\/03\/beli-4-jagodina-g.j.-768x576.jpg 768w, https:\/\/centralmedia.rs\/wp-content\/uploads\/2017\/03\/beli-4-jagodina-g.j.-80x60.jpg 80w, https:\/\/centralmedia.rs\/wp-content\/uploads\/2017\/03\/beli-4-jagodina-g.j.-265x198.jpg 265w, https:\/\/centralmedia.rs\/wp-content\/uploads\/2017\/03\/beli-4-jagodina-g.j..jpg 900w\" sizes=\"(max-width: 300px) 100vw, 300px\" \/><\/a><\/p>\n<p>Sve vreme sa megafona njegovi saradnici su pozivali gra\u0111ane Jagodine i izbacivali razne parole poput ,,Vi\u0161e ne\u0107e Palma da vas la\u017ee, od sada \u0107e Beli vas la\u017ee\u201c, ,,Beli \u0107e izgraditi Akvalend u Jagodini\u201c, ,,Beli \u0107e napuniti zoovrt \u017eirafama\u201c. \u00a0\u00a0Za to vreme on se dru\u017eio sa Jagodincima u centru grada i slikao sa svima koji su mu pri\u0161li.<\/p>\n<p>-Krenuli smo u karavan kroz Srbiju, ne\u0107emo se nigde zadr\u017eavati, nismo najavili skup, kako ne bi napravili va\u0161ar, kako to\u00a0 rade ostali politi\u010dari. <a href=\"https:\/\/centralmedia.rs\/wp-content\/uploads\/2017\/03\/maja-jagodina-g.j..jpg\"><img loading=\"lazy\" decoding=\"async\" class=\"alignleft size-medium wp-image-7288\" src=\"https:\/\/centralmedia.rs\/wp-content\/uploads\/2017\/03\/maja-jagodina-g.j.-202x300.jpg\" alt=\"\" width=\"202\" height=\"300\" srcset=\"https:\/\/centralmedia.rs\/wp-content\/uploads\/2017\/03\/maja-jagodina-g.j.-202x300.jpg 202w, https:\/\/centralmedia.rs\/wp-content\/uploads\/2017\/03\/maja-jagodina-g.j..jpg 600w\" sizes=\"(max-width: 202px) 100vw, 202px\" \/><\/a>Dolazimo iznenada, da se javimo ljudima. Odziv je dobar, iako je sve po principu ko naleti, naleti. Danas smo obi\u0161li dvadesetak gradova, sutra je na redu Vojvodina, ka\u017ee Beli.<\/p>\n<p>Podr\u0161ku u karavanu kroz Srbiju Belom je dala njegova devojka Maja Janji\u0107, koja je tako\u0111e bila veoma interesantna Jagodincima te su se i sa njom slikali.<\/p>\n","protected":false},"excerpt":{"rendered":"<p>JAGODINA-Kandidat za predsednika Srbije Ljubi\u0161a Beli Preleta\u010devi\u0107- Luka Maksimovi\u0107 ve\u010deras je izjavio u Jagodini da \u0107e ukoliko pro\u0111e u drugi krug podeliti sirotinji Srbije preko &hellip; <\/p>\n","protected":false},"author":4,"featured_media":7285,"comment_status":"open","ping_status":"open","sticky":false,"template":"","format":"standard","meta":{"footnotes":""},"categories":[1524,2,1514,13,12],"tags":[1723,58,1491],"_links":{"self":[{"href":"https:\/\/centralmedia.rs\/index.php\/wp-json\/wp\/v2\/posts\/7284"}],"collection":[{"href":"https:\/\/centralmedia.rs\/index.php\/wp-json\/wp\/v2\/posts"}],"about":[{"href":"https:\/\/centralmedia.rs\/index.php\/wp-json\/wp\/v2\/types\/post"}],"author":[{"embeddable":true,"href":"https:\/\/centralmedia.rs\/index.php\/wp-json\/wp\/v2\/users\/4"}],"replies":[{"embeddable":true,"href":"https:\/\/centralmedia.rs\/index.php\/wp-json\/wp\/v2\/comments?post=7284"}],"version-history":[{"count":0,"href":"https:\/\/centralmedia.rs\/index.php\/wp-json\/wp\/v2\/posts\/7284\/revisions"}],"wp:featuredmedia":[{"embeddable":true,"href":"https:\/\/centralmedia.rs\/index.php\/wp-json\/wp\/v2\/media\/7285"}],"wp:attachment":[{"href":"https:\/\/centralmedia.rs\/index.php\/wp-json\/wp\/v2\/media?parent=7284"}],"wp:term":[{"taxonomy":"category","embeddable":true,"href":"https:\/\/centralmedia.rs\/index.php\/wp-json\/wp\/v2\/categories?post=7284"},{"taxonomy":"post_tag","embeddable":true,"href":"https:\/\/centralmedia.rs\/index.php\/wp-json\/wp\/v2\/tags?post=7284"}],"curies":[{"name":"wp","href":"https:\/\/api.w.org\/{rel}","templated":true}]}}