{"id":732,"date":"2015-10-20T21:28:28","date_gmt":"2015-10-20T21:28:28","guid":{"rendered":"http:\/\/centralmedia.rs\/?p=732"},"modified":"2015-10-23T16:12:26","modified_gmt":"2015-10-23T16:12:26","slug":"preminula-pacijentkinja-zarazena-kolstridijom","status":"publish","type":"post","link":"https:\/\/centralmedia.rs\/index.php\/2015\/10\/20\/preminula-pacijentkinja-zarazena-kolstridijom\/","title":{"rendered":"PREMINULA PACIJENTKINJA ZARA\u017dENA KLOSTRIDIJOM"},"content":{"rendered":"<p>U \u0106UPRIJSKOJ BOLNICI \u010cEKAJU REZULTATE OBDUKCIJE<\/p>\n<p>\u0106UPRIJA-Dragica Pavli\u010devi\u0107 (52) iz \u0106uprije preminula je u ponedeljak \u00a0u lokalnoj Op\u0161toj bolnici 11 dana posle operacije sko\u010dnog zgloba na nozi pod jo\u0161 nerazja\u0161njenim okolnostima, sem da je izlovana infekcija opasnom bakterijom klostridijom i da je pacijentkinja imala te\u0161ku dijareju, na\u010delnik Ortopedije dr Milovan Ljubi\u0107 zatra\u017eio je sudsko-medicinsku obdukciju posle koje \u0107e biti jasnije \u0161ta se dogodilo. Porodica Dragice Pavli\u010devi\u0107 najavila je podno\u0161enje krivi\u010dne prijave protiv Op\u0161te bolnice i odgovornog lekara.<\/p>\n<p>-I pred svih maksimalnih medicinskih pretraga koje su ura\u0111ene, \u010dekamo sudsko- medicinski izve\u0161taj. Pokojnoj je ura\u0111eno sve \u0161to je trebalo po medicinskim pravilima i nas interesuje \u0161ta se dogodilo. Da li je ona imala ne\u0161to od ranije ili nije, to \u0107e se pokazati. Ona je operisana na Ortopedskom odeljenju zbog preloma sko\u010dnog zgloba. Postoperativno rana\u00a0 je srasla dobro i sve je bilo u redu, ali odjednom se de\u0161ava problem, ka\u017ee dr Ljubi\u0107.<\/p>\n<p>On je potvrdio da je re\u010d o izlovanom slu\u010daju infekcije klostridijom i da se to de\u0161ava, ali da nema re\u010di da je bilo ili da ima vi\u0161e takvih slu\u010dajeva.<\/p>\n<p>-Kod \u017eene, koja je preminula, u petak ujutru je izlovana klostridija, ali njena smrt nema veze sa tom baketrijom. Ne znamo uzrok smrti. I nas to zanima. Kao \u0161ef odeljenja tra\u017eio sam izve\u0161taj sa obdukcije o uzroku smrti, navodi dr Ljubi\u0107.<\/p>\n<figure id=\"attachment_734\" aria-describedby=\"caption-attachment-734\" style=\"width: 262px\" class=\"wp-caption alignnone\"><a href=\"https:\/\/centralmedia.rs\/wp-content\/uploads\/2015\/10\/dragica-pavlicic-cuprija-g.j..jpg\"><img loading=\"lazy\" decoding=\"async\" class=\"size-medium wp-image-734\" src=\"https:\/\/centralmedia.rs\/wp-content\/uploads\/2015\/10\/dragica-pavlicic-cuprija-g.j.-262x300.jpg\" alt=\"dragica pavlicic\" width=\"262\" height=\"300\" srcset=\"https:\/\/centralmedia.rs\/wp-content\/uploads\/2015\/10\/dragica-pavlicic-cuprija-g.j.-262x300.jpg 262w, https:\/\/centralmedia.rs\/wp-content\/uploads\/2015\/10\/dragica-pavlicic-cuprija-g.j..jpg 816w\" sizes=\"(max-width: 262px) 100vw, 262px\" \/><\/a><figcaption id=\"caption-attachment-734\" class=\"wp-caption-text\">dragica pavlicic<\/figcaption><\/figure>\n<p>Ivana Stefanovi\u0107 iz Para\u0107ina,\u0107erka pokojne Dragice, najavljuje tu\u017ebu protiv bolnice i odgovornog lekara.<\/p>\n<p>-Moja majka je \u017ertva lekarske nemarnosti. Bila u dobrom zdravstevnom stanju kada je operisana. Pre povrede radila je u cve\u0107ari od jutra do sutra. Me\u0111utim, postoprativni tok se komplikuje 11 oktobra kada dobija dijareju, ali medicinsko osoblje tome nije pridavalo pa\u017enju. Umesto oporavka njeni \u017eivotni parametri bivaju sve lo\u0161iji. Njoj postepeno otkazuju organi, sem srca, i zato je priklju\u010dena na aparate za odr\u017eavanje \u017eivota. Preba\u010dena je 16 oktobra na Intenzivnu negu hiru\u0161kog odeljenja. Tada je dijagnostikovana infekcija klostridijom, a prognoze lekara nisu bile ni malo optimisti\u010dne. Lekari su govorili da je re\u010d o poslednjim minutima njenog \u017eivota. Tako je i bilo, ona se ugalisila, preminula je u ponedeljak 19 oktobra, pri\u010da Ivana.<\/p>\n<p>&nbsp;<\/p>\n<p>Sahrana Dragice Pavli\u010devi\u0107 bi\u0107e obavljena u \u010detvrtak u \u0106upriji, posle obdukcije tela pokojne.<\/p>\n<p>&nbsp;<\/p>\n<p>APSURD<\/p>\n<p>-Apsurdno je da\u00a0osoblje Odeljenja ortopedije nije prepoznalo simptome zara\u017eenosti bakterijom kod moje majke, a oni su naprosto vri\u0161tali da je bakterija prisutna. \u010cinjenica je da su\u00a0lekari i medicinsko osoblje\u00a0koje vodi ra\u010duna o pacijentima\u00a0bili potpuno nezainteresovani za slu\u010daj. Bezbroj pitanja sam im postavila,\u00a0kako i za\u0161to nisu preduzeli ne\u0161to\u00a0kada su videli da joj se stanje pogor\u0161ava, za\u0161to nisu uradili ne\u0161to povodom te dijareje, barem da su joj jedan probiotik dali? Moja majka je zapomagala, tra\u017eila \u010da\u0161u vode, a sestre nisu na\u0161le za shodno da joj daju vodu. Kada sam odlazila u posetu, zaticala sam je\u00a0dehidriranu, sa potpuno suvim ustima! I \u0161ta se desilo na kraju?, obja\u0161njava Ivana.<\/p>\n","protected":false},"excerpt":{"rendered":"<p>U \u0106UPRIJSKOJ BOLNICI \u010cEKAJU REZULTATE OBDUKCIJE \u0106UPRIJA-Dragica Pavli\u010devi\u0107 (52) iz \u0106uprije preminula je u ponedeljak \u00a0u lokalnoj Op\u0161toj bolnici 11 dana posle operacije sko\u010dnog zgloba &hellip; <\/p>\n","protected":false},"author":4,"featured_media":733,"comment_status":"open","ping_status":"open","sticky":false,"template":"","format":"standard","meta":{"footnotes":""},"categories":[20],"tags":[135,154],"_links":{"self":[{"href":"https:\/\/centralmedia.rs\/index.php\/wp-json\/wp\/v2\/posts\/732"}],"collection":[{"href":"https:\/\/centralmedia.rs\/index.php\/wp-json\/wp\/v2\/posts"}],"about":[{"href":"https:\/\/centralmedia.rs\/index.php\/wp-json\/wp\/v2\/types\/post"}],"author":[{"embeddable":true,"href":"https:\/\/centralmedia.rs\/index.php\/wp-json\/wp\/v2\/users\/4"}],"replies":[{"embeddable":true,"href":"https:\/\/centralmedia.rs\/index.php\/wp-json\/wp\/v2\/comments?post=732"}],"version-history":[{"count":0,"href":"https:\/\/centralmedia.rs\/index.php\/wp-json\/wp\/v2\/posts\/732\/revisions"}],"wp:featuredmedia":[{"embeddable":true,"href":"https:\/\/centralmedia.rs\/index.php\/wp-json\/wp\/v2\/media\/733"}],"wp:attachment":[{"href":"https:\/\/centralmedia.rs\/index.php\/wp-json\/wp\/v2\/media?parent=732"}],"wp:term":[{"taxonomy":"category","embeddable":true,"href":"https:\/\/centralmedia.rs\/index.php\/wp-json\/wp\/v2\/categories?post=732"},{"taxonomy":"post_tag","embeddable":true,"href":"https:\/\/centralmedia.rs\/index.php\/wp-json\/wp\/v2\/tags?post=732"}],"curies":[{"name":"wp","href":"https:\/\/api.w.org\/{rel}","templated":true}]}}