{"id":7354,"date":"2017-03-30T14:19:43","date_gmt":"2017-03-30T14:19:43","guid":{"rendered":"http:\/\/centralmedia.rs\/?p=7354"},"modified":"2017-03-30T14:19:43","modified_gmt":"2017-03-30T14:19:43","slug":"vucic-ove-godine-ce-penzije-biti-povecane-najmanje-jedanput-za-stalno","status":"publish","type":"post","link":"https:\/\/centralmedia.rs\/index.php\/2017\/03\/30\/vucic-ove-godine-ce-penzije-biti-povecane-najmanje-jedanput-za-stalno\/","title":{"rendered":"Vu\u010di\u0107: Ove godine \u0107e penzije biti pove\u0107ane najmanje jedanput, za stalno"},"content":{"rendered":"<p>Premijer Aleksandar Vu\u010di\u0107 izjavio je da vi\u0161e od 70 odsto penzionera danas ima ve\u0107e penzije nego pre tri godine, a da \u0107e ove godine one biti pove\u0107ane &#8220;najmanje jedanput, za stalno&#8221;.<\/p>\n<p>&#8211; Oko 70 odsto penzionera ve\u0107 ima minimalno ve\u0107e penzije, ali ve\u0107e. Ovih 30 odsto ima ni\u017ee i to \u0107emo da promenimo ove godine &#8211; rekao je Vu\u010di\u0107 u susretu sa starijim Beogra\u0111anima i penzionerima u Milo\u0161\u009aevom konaku.<\/p>\n<div id=\"firstParagraphBlock\">\u00a0Dodao je da \u0107e biti verovatno i jednokratnog davanja, tako da \u0107e penzioneri biti zadovoljniji i imati vi\u0161e novca u nov\u010daniku.<\/div>\n<p>&#8211; Ima\u0107ete ove godine jednokratnih primanja i pove\u0107anje penzije, zato \u0161to znam da ste odli\u010dno razumeli reforme&#8230; Ima\u0107e penzioneri za \u010dokoladu za unuke, za komunalije i da plate ra\u010dun svojoj deci &#8211; rekao je Vu\u010di\u0107.<\/p>\n<p>Kako je istakao, danas imamo ve\u0107i broj zaposlenih i neuporedivo bolju situaciju.<\/p>\n<p>&#8211; Bi\u0107e sve bolje &#8211; rekao je Vu\u010di\u0107 i dodao da zna da su penzioneri &#8220;odli\u010dno razumeli reforme&#8221;.<\/p>\n<p>Penzioneri su poru\u010dili da \u0107e Vu\u010di\u0107 imati njihovu podr\u0161ku na izborima 2. aprila, jer, kako su ga &#8220;opomenuli&#8221;, posao nije zavr\u0161en:<\/p>\n<p>&#8211; Ne smete da stanete, moramo napred i da poka\u017eemo celom svetu da smo najbolji &#8211; poru\u010dili su mu penzioneri.<\/p>\n<p>Oni su zahvalili premijeru \u0161to je svestan koji su oni teret podneli, imali razumevanja i ima\u0107e ga, ka\u017eu, uvek za izgradnju na\u0161e zemlje i boljitak svih.<\/p>\n<p>&#8211; Imate na\u0161u podr\u0161ku i pomo\u0107 da od Srbije napravite najlep\u0161e mesto na zemaljskoj kugli, gde \u0107e se najlep\u0161e \u017eiveti. Vi omogu\u0107avate da na\u0161a deca ostanu ovde, u svojoj zemlji, da se zaposle i da pristojno \u017eive od svojh primanja, molim vas da tako i nastavite &#8211; rekla je jedna starija sugra\u0111anka Vu\u010di\u0107u.<\/p>\n","protected":false},"excerpt":{"rendered":"<p>Premijer Aleksandar Vu\u010di\u0107 izjavio je da vi\u0161e od 70 odsto penzionera danas ima ve\u0107e penzije nego pre tri godine, a da \u0107e ove godine one &hellip; <\/p>\n","protected":false},"author":4,"featured_media":7355,"comment_status":"open","ping_status":"open","sticky":false,"template":"","format":"standard","meta":{"footnotes":""},"categories":[2,13,12],"tags":[1274,1792,1491,1112],"_links":{"self":[{"href":"https:\/\/centralmedia.rs\/index.php\/wp-json\/wp\/v2\/posts\/7354"}],"collection":[{"href":"https:\/\/centralmedia.rs\/index.php\/wp-json\/wp\/v2\/posts"}],"about":[{"href":"https:\/\/centralmedia.rs\/index.php\/wp-json\/wp\/v2\/types\/post"}],"author":[{"embeddable":true,"href":"https:\/\/centralmedia.rs\/index.php\/wp-json\/wp\/v2\/users\/4"}],"replies":[{"embeddable":true,"href":"https:\/\/centralmedia.rs\/index.php\/wp-json\/wp\/v2\/comments?post=7354"}],"version-history":[{"count":0,"href":"https:\/\/centralmedia.rs\/index.php\/wp-json\/wp\/v2\/posts\/7354\/revisions"}],"wp:featuredmedia":[{"embeddable":true,"href":"https:\/\/centralmedia.rs\/index.php\/wp-json\/wp\/v2\/media\/7355"}],"wp:attachment":[{"href":"https:\/\/centralmedia.rs\/index.php\/wp-json\/wp\/v2\/media?parent=7354"}],"wp:term":[{"taxonomy":"category","embeddable":true,"href":"https:\/\/centralmedia.rs\/index.php\/wp-json\/wp\/v2\/categories?post=7354"},{"taxonomy":"post_tag","embeddable":true,"href":"https:\/\/centralmedia.rs\/index.php\/wp-json\/wp\/v2\/tags?post=7354"}],"curies":[{"name":"wp","href":"https:\/\/api.w.org\/{rel}","templated":true}]}}