{"id":7360,"date":"2017-03-30T15:49:15","date_gmt":"2017-03-30T15:49:15","guid":{"rendered":"http:\/\/centralmedia.rs\/?p=7360"},"modified":"2017-03-30T15:49:15","modified_gmt":"2017-03-30T15:49:15","slug":"intervju-sa-najneobicnijim-kandidatom-maksimovic-beli-ce-vam-uzeti-crno-ispod-nokta","status":"publish","type":"post","link":"https:\/\/centralmedia.rs\/index.php\/2017\/03\/30\/intervju-sa-najneobicnijim-kandidatom-maksimovic-beli-ce-vam-uzeti-crno-ispod-nokta\/","title":{"rendered":"INTERVJU SA NAJNEOBI\u010cNIJIM KANDIDATOM Maksimovi\u0107: Beli \u0107e vam uzeti i crno ispod nokta"},"content":{"rendered":"<p>Ovo je intervju sa najneobi\u010dnijim kandidatom za predsednika koji je Srbija imala u novijoj istoriji, \u0161to bi rekao aktuelni premijer. Dakle, Luka Maksimovi\u0107 alijas Ljubi\u0161a Preleta\u010devi\u0107 Beli.<\/p>\n<p class=\"question\">\u0160to si danas bez vunenih \u010darapa jeste 26 stepeni, ali gde ti je politi\u010dka doslednost?<\/p>\n<p class=\"answer\">&#8211; Majka mi oprala oba para, su\u0161e se!<\/p>\n<p class=\"question\">Ko \u0107e ti prati i plesti \u010darape ako postane\u0161 predsednik?<\/p>\n<p class=\"answer\">&#8211; Pa, prva dama, naravno.<\/p>\n<p class=\"question\">Zna da \u0161trika?<\/p>\n<p class=\"answer\">&#8211; Kako da ne. Imam jedan d\u017eemper koji mi je isplela, a \u010darape sam dobio od naroda. Prvi par mi je dala jedna gospo\u0111a, a drugi mi je doneo jedan momak.<\/p>\n<p class=\"question\">Jesi li to uvrstio u imovinsku kartu i prijavio Agenciji za borbu protiv korupcije.<\/p>\n<p class=\"answer\">&#8211; Kako da ne. Prijavio sam i golf \u201edvojku\u201c i vajat u selu Ivan\u010da. To je sve \u0161to imam.<\/p>\n<p class=\"question\">\u0160ta \u0107e\u0161 sutra ako zaista bude\u0161 izabran i mora\u0161 da se svakodnevno pojavljuje\u0161 u odelima i stavi\u0161 kravatu?<\/p>\n<p class=\"answer\">&#8211; Pa ve\u0107 sam obukao odelo, zar ne?<\/p>\n<p class=\"question\">Mislio sam na ona smrtno ozbiljna u kojima se politi\u010dari naj\u010de\u0161\u0107e pojavljuju?<\/p>\n<p class=\"answer\">&#8211; A ne, samo belo. Ne postoji, valjda procedura da moraju da se nose ta plava i crna, ukopna odela?<\/p>\n<p class=\"question\">Da li si ti najve\u0107i dokaz da najgori prolaze u srpskoj politici?<\/p>\n<p class=\"answer\">&#8211; Zavisno u kom smislu, najgori ali neka bude najnekompetentniji, da tako ka\u017eemo. Godinu dana sam u politici a kao da nisam i, vidi\u0161, postoji mogu\u0107nost da postanem predsednik. To je ne\u0161to sli\u010dno kao i kod Tomislava, samo \u0161to je on 30 godina u politici.<\/p>\n<p class=\"question\">I jedva je postao predsednik?<\/p>\n<p class=\"answer\">&#8211; Nije jedva, ali verujem da bih bio bolji predsednik od njega. Definitivno smo do\u0161li do dna \u010dim narod \u017eeli da jedan fiktivan lik postane predsednik.<\/p>\n<p class=\"question\">Jesi li ti antiestabli\u0161ment i zna\u0161 li, uop\u0161te, \u0161ta je establi\u0161ment?<\/p>\n<p class=\"answer\">&#8211; Srpski politi\u010dki establi\u0161ment? Ako je establi\u0161ment ovo \u0161to sad imamo, napravio bih nevi\u0111enu \u010distku. Uveo bih totalno nove ljude i izbacio iz politike sve ove koji se njom bave 30 godina.<\/p>\n<p class=\"question\">Dakle, totalna lustracija?<\/p>\n<p class=\"answer\">&#8211; Otkaz, bato, otkaz!<\/p>\n<p class=\"question\">Ne mo\u017ee u politici da se dobije otkaz mo\u017ee samo da se padne s vlasti ili ode u zatvor?<\/p>\n<p class=\"answer\">&#8211; Ne, ne nikakav zatvor, samo prtina. I tutanj iz na\u0161ih \u017eivota, dosta ste nas jahali!<\/p>\n<p class=\"question\">Gleda\u0161 li televiziju, postaje\u0161 ozbiljna tema?<\/p>\n<p class=\"answer\">&#8211; Jok. Ne interesuje me!<\/p>\n<p class=\"question\">Ho\u0107e\u0161 li sebe gledati, vidi\u0161 kako Vu\u010di\u0107&#8230;?<\/p>\n<p class=\"answer\">&#8211; Ma ne mogu ni sebe vi\u0161e da gledam, a kamoli njega.<\/p>\n<p class=\"question\">Je l\u2018 vidi\u0161 ti \u0161ta sve televizija radi narodu?<\/p>\n<p class=\"answer\">&#8211; Video sam i znam i zato ne dozvoljavam da ta \u0161arena la\u017ea to isto uradi meni. Ne dam se, koliko god me vi novinari spopadali!<\/p>\n<p class=\"question\">Gde \u0107e\u0161 be\u017eati od novinara, evo ve\u0107 danas ne mo\u017ee\u0161 mirno da sedi\u0161 u svojoj ro\u0111enoj kafani?<\/p>\n<p class=\"answer\">&#8211; U Ivan\u010du. To je selo moga oca. Tu \u0107e be\u017eati Luka a Ljubi\u0161a Beli \u0107e u Ameri\u0107, ali, u svakom slu\u010daju, pobe\u0107i \u0107emo negde pod Kosmaj.<\/p>\n<p class=\"question\">A ona tvoja pri\u010da od pre neku no\u0107 na RTS-u kako su te na\u0161li ostavljenog u kolevci&#8230; Ja skoro pa poverovao?<\/p>\n<p class=\"answer\">&#8211; Ne mene, Belog je ostavila majka. Luka je ro\u0111en ovde i ima i oca i majku koje je otkako je u\u0161ao u politiku o jadu zabavio. Zna\u0161, ju\u010de mi pri\u010da drugar kako mu je baka rekla: \u201eVidi ga, sine, pa on je jadan, siro\u010de!\u201c Dakle, imalo je to efekta me\u0111u penzionerima i sli\u010dnom glasa\u010dkom telu.<\/p>\n<p class=\"question\">Mislim da je pitanje dana kada \u0107e se neko javiti kako te je li\u010dno uzeo sa tom kolevkom i odgajio?<\/p>\n<p class=\"answer\">&#8211; Ne\u0107e, ne sme. Ljubi\u0161a jeste ostavljen i napu\u0161ten, ali \u0107e povesti ovaj narod napred. Samo jako!<\/p>\n","protected":false},"excerpt":{"rendered":"<p>Ovo je intervju sa najneobi\u010dnijim kandidatom za predsednika koji je Srbija imala u novijoj istoriji, \u0161to bi rekao aktuelni premijer. Dakle, Luka Maksimovi\u0107 alijas Ljubi\u0161a &hellip; <\/p>\n","protected":false},"author":4,"featured_media":7361,"comment_status":"open","ping_status":"open","sticky":false,"template":"","format":"standard","meta":{"footnotes":""},"categories":[2,13,12],"tags":[1793,1491,1112],"_links":{"self":[{"href":"https:\/\/centralmedia.rs\/index.php\/wp-json\/wp\/v2\/posts\/7360"}],"collection":[{"href":"https:\/\/centralmedia.rs\/index.php\/wp-json\/wp\/v2\/posts"}],"about":[{"href":"https:\/\/centralmedia.rs\/index.php\/wp-json\/wp\/v2\/types\/post"}],"author":[{"embeddable":true,"href":"https:\/\/centralmedia.rs\/index.php\/wp-json\/wp\/v2\/users\/4"}],"replies":[{"embeddable":true,"href":"https:\/\/centralmedia.rs\/index.php\/wp-json\/wp\/v2\/comments?post=7360"}],"version-history":[{"count":0,"href":"https:\/\/centralmedia.rs\/index.php\/wp-json\/wp\/v2\/posts\/7360\/revisions"}],"wp:featuredmedia":[{"embeddable":true,"href":"https:\/\/centralmedia.rs\/index.php\/wp-json\/wp\/v2\/media\/7361"}],"wp:attachment":[{"href":"https:\/\/centralmedia.rs\/index.php\/wp-json\/wp\/v2\/media?parent=7360"}],"wp:term":[{"taxonomy":"category","embeddable":true,"href":"https:\/\/centralmedia.rs\/index.php\/wp-json\/wp\/v2\/categories?post=7360"},{"taxonomy":"post_tag","embeddable":true,"href":"https:\/\/centralmedia.rs\/index.php\/wp-json\/wp\/v2\/tags?post=7360"}],"curies":[{"name":"wp","href":"https:\/\/api.w.org\/{rel}","templated":true}]}}