{"id":7366,"date":"2017-03-30T16:00:51","date_gmt":"2017-03-30T16:00:51","guid":{"rendered":"http:\/\/centralmedia.rs\/?p=7366"},"modified":"2017-03-30T16:00:51","modified_gmt":"2017-03-30T16:00:51","slug":"intervju-aleksandar-popovic-srbijom-caruje-strah","status":"publish","type":"post","link":"https:\/\/centralmedia.rs\/index.php\/2017\/03\/30\/intervju-aleksandar-popovic-srbijom-caruje-strah\/","title":{"rendered":"INTERVJU Aleksandar Popovi\u0107: Srbijom caruje strah"},"content":{"rendered":"<p>Na ovim izborima nudim svoju radnu i politi\u010dku biografiju jedinog kandidata koji ne \u017eivi i nema nikakve prihode od politike, ve\u0107 od svog rada.Ovo u intervjuu ka\u017ee predsedni\u010dki kandidat Demokratske stranke Srbije Aleksandar Popovi\u0107.<\/p>\n<div class=\"interview  interviewFirst\">\n<p class=\"question\">On napominje i da je sasvim jasna i politika koju zastupa, a to je borba za suverenitet Srbije oslobo\u0111ene diktata briselskih komesara i NATO lobista.<\/p>\n<p class=\"answer\">&#8211; Zala\u017eem se za Srbiju u kojoj \u0107e se znati \u010diji su rad i diploma pravi, a \u010diji nisu, za Srbiju sa smanjenim socijalnim razlikama, za Srbiju u kojoj svako, bez obzira na materijalni polo\u017eaj, mo\u017ee da se \u0161koluje i studira, u kojoj svakoga zakoni jednako \u0161tite i svako ima jednake uslove le\u010denja. To je politika koja podrazumeva borbu za obnovu ulaganjem dr\u017eave u razvoj doma\u0107e privrede, zabranu prodaje zemlji\u0161ta i drugih prirodnih resursa strancima, ulaganje u poljoprivredu&#8230;<\/p>\n<p class=\"question\">\u0160ta vam je najja\u010di utisak tokom kampanje (dok ste obilazili Srbiju)?<\/p>\n<p class=\"answer\">&#8211; Moram da ka\u017eem da se veoma iznenadim kada \u010dujem ili pro\u010ditam izjave \u201eputujem Srbijom i vidim da narod te\u0161ko \u017eivi\u201c, a takve istovetne daju Aleksandar Vu\u010di\u0107 i brojni opozicioni ili formalno opozicioni kandidati. Pa kada su to saznali? Sada, u izbornoj kampanji? Gde su do sada bili, \u0161ta su radili, u kom svetu \u017eiveli, pa im je ta tragi\u010dna op\u0161tepoznata \u010dinjenica bila nepoznata? Veoma me uznemirava to \u0161to sam obilaze\u0107i Srbiju, dobio potvrdu ranijih saznanja o strahu koji se me\u0111u ljudima pro\u0161irio. Ljudi se pla\u0161e da \u0107e ostati bez posla i besparice, da ne\u0107e mo\u0107i da od\u0161koluju decu, da ne\u0107e mo\u0107i da se le\u010de kada se razbole, pla\u0161e se nesigurne starosti. Pla\u0161e se da slobodno govore, da iznose svoja politi\u010dka uverenja. Moram priznati da me je iznenadilo koliko ljudi mi je reklo da se pla\u0161e da \u0107emo nestati kao narod jer se vi\u0161e umire nego ra\u0111a i masovno iseljava. Mislio sam da ovaj zaista dramati\u010dan problem nije u vidokrugu obi\u010dnih ljudi ophrvanih svakodnevnim brigama. Ljudi su besni zbog nepravde kojoj su izlo\u017eeni: zbog socijalne nepravde &#8211; socijalnih razlika, zbog nepravde pri zapo\u0161ljavanju, pred zakonom, u \u0161kolovanju, le\u010denju&#8230; Sa druge strane, raduje me \u0161to sam svuda nailazio na ljude odlu\u010dne da istraju u nastojanju da li\u010dnim anga\u017eovanjem stvari menjaju i Srbiju poprave. To mi daje snage da nastavim.<\/p>\n<p class=\"question\">Istra\u017eivanja javnog mnjenja koja se pojavljuju poslednjih dana ka\u017eu da imate ne\u0161to ispod dva procenta podr\u0161ke. \u0160ta ka\u017eu va\u0161a istra\u017eivanja?<\/p>\n<p class=\"answer\">&#8211; Nemamo svoja istra\u017eivanja. Razlog je jednostavan: istra\u017eivanja su skupa, a mi novca nemamo.<\/p>\n<p class=\"question\">Da li mislite da \u0107e biti drugog kruga?<\/p>\n<p class=\"answer\">&#8211; To je zaista veoma te\u0161ko predvideti.<\/p>\n<p class=\"question\">Ukoliko do\u0111e do drugog kruga, ho\u0107ete li podr\u017eati Jankovi\u0107a, Jeremi\u0107a ili Preleta\u010devi\u0107a?<\/p>\n<p class=\"answer\">&#8211; Ne mogu da podr\u017eim kandidata \u010dija je politika u najbitnijim pitanjima suprotna onoj koju ja zastupam, bio on kandidat vladaju\u0107ih stranaka ili formalno opozicioni kandidat. Kao ni kandidata bez politike, koji se izrugava dr\u017eavi. Kako da podr\u017eim bilo koga ko bi se, kao Aleksandar Vu\u010di\u0107, zalagao za ulazak Srbije u EU, nastavak briselskih pregovora, pribli\u017eavanje NATO, za saradnju sa MMF-om u vo\u0111enju neoliberalne ekonomske politike\u2026?<\/p>\n<p class=\"question\">Da li iz ove perspektive mislite da je bolje da ste podr\u017eali nekog drugog kandidata?<\/p>\n<p class=\"answer\">&#8211; Naravno da ne. U ove izbore sam u\u0161ao bez ikakvih kalkulacija. Glas ljudi koji veruju u slobodnu, pravednu, ekonomski, demografski i moralno obnovljenu Srbiju mora da se \u010duje.<\/p>\n<p class=\"question\">Studirali ste u SAD, a veliki ste rusofil. Kako je do\u0161lo do toga? Da li mislite da vam veliki broj proruskih kandidata umanjuje \u0161anse da ostvarite dobar rezultat?<\/p>\n<p class=\"answer\">&#8211; Sticajem \u017eivotnih okolnosti \u0161kolovao sam se u Srbiji i u Rusiji, studirao u Srbiji i SAD, gde sam magistrirao, da bih doktorirao na Hemijskom fakultetu u Beogradu, na kome sam danas redovan profesor. Prijatelj sam Rusije i ruskog naroda onoliko koliko su Rusija i ruski narod prijatelji Srbije. A oni to jesu. Moje je rusofilstvo, dakle, zasnovano na odnosu Rusa i Rusije prema mojoj zemlji. Prijatelj sam i drugih dr\u017eava i naroda koji su prijatelji Srbije. Zala\u017eem se za politi\u010dku i vojnu neutralnost, protiv sam pristupanja Srbije bilo kom politi\u010dkom i vojnom savezu dr\u017eava, pa nikako ne mogu biti svrstan u proruske kandidate. Samim tim, njihova kandidatura mi zbog jasne razlike u ovom pitanju ne umanjuje \u0161anse na izborima. Da se Moskva prema mojoj zemlji pona\u0161a kao Brisel i Va\u0161ington, imao bih prema njoj stav koji danas imam prema evroatlantskim prestonicama. Me\u0111utim, Moskva nam dozvoljava da budemo slobodni, a Brisel i Va\u0161ington nam kradu slobodu.<\/p>\n<\/div>\n<p class=\"heading\"><strong>Statistika puna besmislica<\/strong><\/p>\n<p><strong>Dajte nam va\u0161u procenu rezultata.<\/strong><\/p>\n<p>&#8211; Bavim se egzaktnom naukom, hemijom, a moji su me u\u010ditelji nau\u010dili da zaklju\u010dke izvodim iz relevantnih istra\u017eivanja. U zemlji u kojoj Republi\u010dki zavod za statistiku zvani\u010dno saop\u0161tava da je udeo nezaposlenih pao sa 26 na 13 odsto, a pri tome se on nominalno smanjio za 60.000, i tu apsolutnu nelogi\u010dnost niko ne dovodi u pitanje, besmisleno je govoriti o bilo kakvim merenjima i o\u010dekivanjima.<\/p>\n","protected":false},"excerpt":{"rendered":"<p>Na ovim izborima nudim svoju radnu i politi\u010dku biografiju jedinog kandidata koji ne \u017eivi i nema nikakve prihode od politike, ve\u0107 od svog rada.Ovo u &hellip; <\/p>\n","protected":false},"author":4,"featured_media":7367,"comment_status":"open","ping_status":"open","sticky":false,"template":"","format":"standard","meta":{"footnotes":""},"categories":[2,13,12],"tags":[1740,1491,1112],"_links":{"self":[{"href":"https:\/\/centralmedia.rs\/index.php\/wp-json\/wp\/v2\/posts\/7366"}],"collection":[{"href":"https:\/\/centralmedia.rs\/index.php\/wp-json\/wp\/v2\/posts"}],"about":[{"href":"https:\/\/centralmedia.rs\/index.php\/wp-json\/wp\/v2\/types\/post"}],"author":[{"embeddable":true,"href":"https:\/\/centralmedia.rs\/index.php\/wp-json\/wp\/v2\/users\/4"}],"replies":[{"embeddable":true,"href":"https:\/\/centralmedia.rs\/index.php\/wp-json\/wp\/v2\/comments?post=7366"}],"version-history":[{"count":0,"href":"https:\/\/centralmedia.rs\/index.php\/wp-json\/wp\/v2\/posts\/7366\/revisions"}],"wp:featuredmedia":[{"embeddable":true,"href":"https:\/\/centralmedia.rs\/index.php\/wp-json\/wp\/v2\/media\/7367"}],"wp:attachment":[{"href":"https:\/\/centralmedia.rs\/index.php\/wp-json\/wp\/v2\/media?parent=7366"}],"wp:term":[{"taxonomy":"category","embeddable":true,"href":"https:\/\/centralmedia.rs\/index.php\/wp-json\/wp\/v2\/categories?post=7366"},{"taxonomy":"post_tag","embeddable":true,"href":"https:\/\/centralmedia.rs\/index.php\/wp-json\/wp\/v2\/tags?post=7366"}],"curies":[{"name":"wp","href":"https:\/\/api.w.org\/{rel}","templated":true}]}}