{"id":7369,"date":"2017-03-30T16:12:52","date_gmt":"2017-03-30T16:12:52","guid":{"rendered":"http:\/\/centralmedia.rs\/?p=7369"},"modified":"2018-05-14T14:22:46","modified_gmt":"2018-05-14T14:22:46","slug":"stamatovic-zavrsio-kampanju-u-uzicu-nedelja-je-dan-nove-nade","status":"publish","type":"post","link":"https:\/\/centralmedia.rs\/index.php\/2017\/03\/30\/stamatovic-zavrsio-kampanju-u-uzicu-nedelja-je-dan-nove-nade\/","title":{"rendered":"Stamatovi\u0107 : Nedelja je dan nove nade"},"content":{"rendered":"<p>Predsedni\u010dki kadidat Milan Stamatovi\u0107 predizbornu kampanju zavr\u0161io je danas u U\u017eicu, pozvav\u0161i kom\u0161ije da u nedelju zaokru\u017ee broj 10 &#8220;iza kog stoji jedini u\u010desnik izbora koji dolazi iz naroda&#8221;.Stamatovi\u0107 je kazao da je dr\u017eava poslednjih godina gurnula U\u017eice na margine i obe\u0107ao da \u0107e se ako bude izabran za predsednika zalagati za \u0161to hitniju izgradnju autoputa do Po\u017eege i osposobljavanje aerodroma Ponikve.<\/p>\n<div id=\"firstParagraphBlock\">\u00a0&#8211; Nedelja je po\u010detak nove nade za Srbiju. U\u017ei\u010dani su uvek me\u0111u prvima dizali glas kada je se trebalo buniti. Pozivam ih da povrate status grada u kome \u017eive ljudi uzdignutih glava, i u nedelju glasaju protiv re\u017eima koji uni\u0161tava nacionalne interese i vre\u0111a inteligenciju gra\u0111ana &#8211; rekao je Stamatovi\u0107.<\/div>\n<div>\n<p>On je podsetio da se Aleksandar Vu\u010di\u0107 u ovoj kampanji nije pojavio ni u jednoj od op\u0161ina Zlatiborskog okruga.<\/p>\n<p>&#8211; Vu\u010di\u0107 zna da ovde nema \u0161ta da tra\u017ei, jer se ovde narod ne pla\u0161i diktature i apsolutizma. Gra\u0111ani Zlatiborskog okruga pokazali su da ne\u0107e da se poni\u017eavaju i skupljaju kapilarne glasove &#8211; kazao je Milan Stamatovi\u0107.<\/p>\n<p>Aktuelni predsednik op\u0161tine \u010cajetina pre nekoliko dana pozvao je nekoliko predsedni\u010dkih kandidata na hitan sastanak &#8220;povodom najneregularnijih izbora u Srbiji od 1990.&#8221;<\/p>\n<p>&#8211; Niko se nije odazvao, verovatno zbog planova u kampanji, ali mislim da je trebalo da na\u0111u vremena da se sastanemo i govorimo o neregularnosti. Sve \u0161to budemo pri\u010dali posle izbora ne\u0107e se uzeti kao relevantna \u010dinjenica &#8211; rekao je Stamatovi\u0107.<\/p>\n<p>Me\u0111u U\u017ei\u010danima koji su danas do\u0161li da pozdrave Stamatovi\u0107a bili su i \u010dlanovi ovda\u0161njeg odbora Srpske narodne partije koji je otkazala poslu\u0161nost Nenadu Popovi\u0107u i umesto Vu\u010di\u0107u podr\u0161ku dao kom\u0161iji iz \u010cajetine.<\/p>\n<\/div>\n","protected":false},"excerpt":{"rendered":"<p>Predsedni\u010dki kadidat Milan Stamatovi\u0107 predizbornu kampanju zavr\u0161io je danas u U\u017eicu, pozvav\u0161i kom\u0161ije da u nedelju zaokru\u017ee broj 10 &#8220;iza kog stoji jedini u\u010desnik izbora &hellip; <\/p>\n","protected":false},"author":4,"featured_media":7370,"comment_status":"open","ping_status":"open","sticky":false,"template":"","format":"standard","meta":{"footnotes":""},"categories":[2875,1524,2,13,12],"tags":[1794,1491,1112],"_links":{"self":[{"href":"https:\/\/centralmedia.rs\/index.php\/wp-json\/wp\/v2\/posts\/7369"}],"collection":[{"href":"https:\/\/centralmedia.rs\/index.php\/wp-json\/wp\/v2\/posts"}],"about":[{"href":"https:\/\/centralmedia.rs\/index.php\/wp-json\/wp\/v2\/types\/post"}],"author":[{"embeddable":true,"href":"https:\/\/centralmedia.rs\/index.php\/wp-json\/wp\/v2\/users\/4"}],"replies":[{"embeddable":true,"href":"https:\/\/centralmedia.rs\/index.php\/wp-json\/wp\/v2\/comments?post=7369"}],"version-history":[{"count":1,"href":"https:\/\/centralmedia.rs\/index.php\/wp-json\/wp\/v2\/posts\/7369\/revisions"}],"predecessor-version":[{"id":12146,"href":"https:\/\/centralmedia.rs\/index.php\/wp-json\/wp\/v2\/posts\/7369\/revisions\/12146"}],"wp:featuredmedia":[{"embeddable":true,"href":"https:\/\/centralmedia.rs\/index.php\/wp-json\/wp\/v2\/media\/7370"}],"wp:attachment":[{"href":"https:\/\/centralmedia.rs\/index.php\/wp-json\/wp\/v2\/media?parent=7369"}],"wp:term":[{"taxonomy":"category","embeddable":true,"href":"https:\/\/centralmedia.rs\/index.php\/wp-json\/wp\/v2\/categories?post=7369"},{"taxonomy":"post_tag","embeddable":true,"href":"https:\/\/centralmedia.rs\/index.php\/wp-json\/wp\/v2\/tags?post=7369"}],"curies":[{"name":"wp","href":"https:\/\/api.w.org\/{rel}","templated":true}]}}