{"id":7373,"date":"2017-03-30T16:29:50","date_gmt":"2017-03-30T16:29:50","guid":{"rendered":"http:\/\/centralmedia.rs\/?p=7373"},"modified":"2017-03-30T16:30:13","modified_gmt":"2017-03-30T16:30:13","slug":"intervju-sasa-jankovic-nema-sanse-da-ne-bude-drugog-kruga","status":"publish","type":"post","link":"https:\/\/centralmedia.rs\/index.php\/2017\/03\/30\/intervju-sasa-jankovic-nema-sanse-da-ne-bude-drugog-kruga\/","title":{"rendered":"INTERVJU Sa\u0161a Jankovi\u0107: Nema \u0161anse da ne bude drugog kruga"},"content":{"rendered":"<p>Sa\u0161a Jankovi\u0107 poru\u010duje da je drugi krug ve\u0107 sada izvestan.\u00a0Kako ka\u017ee Jankovi\u0107, izbori nisu \u0161ansa za njega, ve\u0107 za Srbiju.<\/p>\n<div id=\"firstParagraphBlock\"><\/div>\n<div class=\"interview interviewFirst\">\n<p class=\"question\">Kakav rezultat o\u010dekujete 2. aprila?<\/p>\n<p class=\"answer\">&#8211; Drugi krug je ve\u0107 izvestan. Moja pobeda je samo prvi korak, Srbija pobe\u0111uje kada posle nje ljudi osete da prestaju la\u017e i nasilje, potpirivanje konflikata u dru\u0161tvu i zastra\u0161ivanje na svakom koraku, ve\u0107 svako po\u010dinje da radi svoj posao, a dr\u017eava gra\u0111anima prestaje da bude glavna pretnja. Promena je neminovna jer ljudi \u017eele sigurnost, \u017eele da \u017eive dostojanstveno od svog rada, da ih niko ne ucenjuje i preti im ratovima, dr\u017eavnim udarima, padovima aviona ili neispla\u0107ivanjem penzija ako ne dobije \u0161to ho\u0107e. Ljudi \u017eele ozbiljnu dr\u017eavu, a ne Vu\u010di\u0107evu ku\u0107u straha.<\/p>\n<p class=\"question\">Ka\u017eu da je va\u0161a podr\u0161ka uglavnom vezana za urbane delove zemlje, dok vas ljudi u unutra\u0161njosti ne prepoznaju.<\/p>\n<p class=\"answer\">&#8211; To je neta\u010dno, uprkos tome \u0161to sve nacionalne frekvencije, bilborde, bankine i institucije okupira lik i glas Aleksadra Vu\u010di\u0107a &#8211; kao predsednika Vlade, kao predsedni\u010dkog kandidata, kao predsednika SNS, ili jednostavno kao malog Aleka koji podsvesno \u017eeli da ga u\u010diteljica zbog svega \u0161to je uradio po\u0161alje u \u0107o\u0161ak. Srbiju sam obi\u0161ao od Subotice do Novog Pazara, od \u0160ida do Bora i Zaje\u010dara, preko \u010ca\u010dka i Kragujevca. I svugde sam se ose\u0107ao kao kod ku\u0107e jer su, na\u017ealost, problemi u njima potpuno isti. Svi se takmi\u010de da objasne kako je ba\u0161 kod njih najgore i najte\u017ee, te\u0161ko je ljudima da poveruju da je ista bolest zahvatila celu zemlju. I taj Vu\u010di\u0107ev spin da me poznaje samo Beograd dodatno je usmeren na podsticanje jo\u0161 jednog konflikta &#8211; izme\u0111u Beogra\u0111ana i svih drugih ljudi u Srbiji. Za to vreme, \u0161ire se nepravda, partijsko zapo\u0161ljavanje i partijsko otpu\u0161tanje, rastakanje obrazovnog i zdravstvenog sistema, korupcija u policiji i pravosu\u0111u, u zdravstvu i na svakom drugom mestu&#8230; I, na kraju, ali ne na poslednjem mestu, jedno stra\u0161no, pora\u017eavaju\u0107e endemsko siroma\u0161tvo. Srbija je zvani\u010dno zemlja sa najve\u0107im rizikom od siroma\u0161tva, najve\u0107im jazom izme\u0111u bogatih i siroma\u0161nih u Evropi.<\/p>\n<p class=\"question\">Imate naj\u0161iru podr\u0161ku na Tviteru od svih kandidata. Koliko je to pokazatelj va\u0161ih dometa na predstoje\u0107im izborima?<\/p>\n<p class=\"answer\">&#8211; Na ovim izborima ne\u0107e pobediti skupa izborna kampanja i politi\u010dki marketing, Fejsbuk ili Tviter objave. Dru\u0161tvene mre\u017ee su samo jedini kanali redovne, objektivne i istinite javne komunikacije sa gra\u0111anima usled stra\u0161ne medijske blokade.<\/p>\n<p class=\"question\">Koji \u0107e vam potez biti prvi ukoliko postanete predsednik?<\/p>\n<p class=\"answer\">&#8211; U spoljnoj politici to \u0107e biti izgradnja politi\u010dkih, privrednih, kulturnih, sportskih, nau\u010dnih, omladinskih i svih drugih odnosa sa susedima na temelju istinske, a ne la\u017ene \u017eelje za stabilno\u0161\u0107u i prosperitetom regiona. Ti odnosi se ne\u0107e zasnivati na tap\u0161anju po le\u0111ima ili vikanju na druge dr\u017eavnike, na tajnim dogovorima kroz koje se prikrivaju privatni poslovi, niti podsticanju strahova i konflikata jednom rukom, pa njihovom smirivanju drugom, kako bi izgledalo da sam ja gospodar rata i mira. Umesto toga, bavi\u0107emo se onim \u0161to nas spaja &#8211; ljudskim vezama, poslovnim i tr\u017ei\u0161nim zajedni\u010dkim \u0161ansama, mogu\u0107nostima za bolji \u017eivot, sli\u010dnim kulturnim, umetni\u010dkim, istorijskim nasle\u0111em i njihovim razvojem. U svakoj od zemalja okru\u017eenja postoje ljudi, politi\u010dari i dr\u017eavnici koji misle isto kao ja. Kao i oni koji, kao na\u0161a sada\u0161nja vlast, opstaju stvaraju\u0107i tenzije i pla\u0161e\u0107i nas njima. Srpskim \u010detni\u010dkim vojvodama su potrebne hrvatske usta\u0161e, ba\u0161 kao \u0161to su hrvatskim usta\u0161ama potrebni srpski \u010detnici. I jednima i drugima su potrebni politi\u010dki patroni. Narodima Srbije i Hrvatske nisu potrebni ni jedni ni drugi ni tre\u0107i. U unutra\u0161njoj politici posveti\u0107u se izgradnji sigurnosti gra\u0111ana u svakom pogledu kroz podr\u0161ku i uspostavljanje odgovornosti u dr\u017eavnim organima za zakonit i nepristrasan rad, pri \u010demu \u0107e politi\u010dke partije prestati da se pitaju na koga \u0107e se zakon i kada primenjivati, a funkcioneri ne\u0107e odgovarati svojim partijskim \u0161efovima, ve\u0107 dr\u017eavnim organima koji su ih izabrali.<\/p>\n<p class=\"question\">Kako ocenjujete kampanju? \u0160ta je na vas ostavilo najja\u010di utisak?<\/p>\n<p class=\"answer\">&#8211; Svakodnevne potvrde lo\u0161eg \u017eivota i uru\u0161avanja dr\u017eave. Dok slu\u0161am o\u010daj hiljada ljudi koji vape za normalnim \u017eivotom, ne mogu da se ne zapitam kako smo ovo dozvolili. Jedna politi\u010dka stranka i u njoj mala grupa ljudi neposredno je preuzela vr\u0161enje vlasti i dr\u017eavne institucije pot\u010dinila sebi. Ali iznad svega je utisak o hrabrosti ljudi da iskora\u010de, podignu glavu i ka\u017eu dosta! Sino\u0107 u Velikoj Plani, na hladno\u0107i ulice i no\u0107i, u mraku (zbog zabrane kori\u0161\u0107enja javnih zatvorenih prostora), govore\u0107i me\u0111u stotinak promrzlih ljudi koji su upijali svaku re\u010d jo\u0161 jednom sam shvatio da slabi\u0107 mo\u017ee ovako i onako, ali da \u010dasni ljudi izbora nemaju. Lica zgr\u010dena u o\u010daju i nadi potvrdila su meni i mojim \u201ehuliganima\u201c, kako ih Vu\u010di\u0107eve hobotnice zovu, Dudi Ivkovi\u0107u, akademiku Teodorovi\u0107u, muzi\u010darima Ogiju Radivojevi\u0107u i Vasilu Had\u017eimanovu, piscu Veliki\u0107u, aktivistinji \u0106orovi\u0107, profesorima Turajli\u0107 i Miodragu Zecu&#8230; hiljadama poznatih i nepoznatih sjajnih ljudi, da je moja kandidatura i njihova podr\u0161ka bila moralna, a ne politi\u010dka odluka.<\/p>\n<p class=\"question\">Podr\u017eao vas je DS. Neki smatraju da vam ta podr\u0161ka nije bila neophodna i da tamo ima problemati\u010dnih kadrova. Ipak, dobili ste ozbiljnu infrastrukturu kakvu danas imaju samo jo\u0161 SNS i SPS. \u0160ta je ta\u010dno problem sa Bal\u0161om Bo\u017eovi\u0107em, Radoslavom Miloji\u010di\u0107em i drugim ljudima zbog kojih vas kritikuju i po dru\u0161tvenim mre\u017eama, ali i va\u0161e pristalice (Stevan Filipovi\u0107 u Vremenu). Za\u0161to su oni problemati\u010dni?<\/p>\n<p class=\"answer\">&#8211; Nema nikakvih problema, samo poku\u0161aja da se pokvari principijelna saradnja. Da se napravi jo\u0161 jedan konflikt, kao i u svemu ostalom.<\/p>\n<\/div>\n<p class=\"heading\"><strong>Ne\u0107u biti \u010dlan nijedne stranke<\/strong><\/p>\n<div class=\"interview \">\n<p class=\"question\">\u0160ta posle izbora? Da li imate u planu osnivanje stranke i ho\u0107e li to zavisiti od rezultata koji budete ostvarili?<\/p>\n<p class=\"answer\">&#8211; Kao predsednik Republike Srbije naravno da ne\u0107u biti \u010dlan nijedne politi\u010dke stranke. Me\u0111utim, proces promena \u0107e mojim izborom tek po\u010deti, on nikako ne\u0107e biti zavr\u0161en. I postoje\u0107e stranke, i one koje \u0107e se tek formirati, ima\u0107e posle dugog vremena iste, ravnopravne i po\u0161tene uslove za politi\u010dko nadmetanje u kojem \u0107e se oblikovati Srbija posle Vu\u010di\u0107a.<\/p>\n<\/div>\n","protected":false},"excerpt":{"rendered":"<p>Sa\u0161a Jankovi\u0107 poru\u010duje da je drugi krug ve\u0107 sada izvestan.\u00a0Kako ka\u017ee Jankovi\u0107, izbori nisu \u0161ansa za njega, ve\u0107 za Srbiju. Kakav rezultat o\u010dekujete 2. aprila? &hellip; <\/p>\n","protected":false},"author":4,"featured_media":7226,"comment_status":"open","ping_status":"open","sticky":false,"template":"","format":"standard","meta":{"footnotes":""},"categories":[2,13,12],"tags":[1491,243,1112],"_links":{"self":[{"href":"https:\/\/centralmedia.rs\/index.php\/wp-json\/wp\/v2\/posts\/7373"}],"collection":[{"href":"https:\/\/centralmedia.rs\/index.php\/wp-json\/wp\/v2\/posts"}],"about":[{"href":"https:\/\/centralmedia.rs\/index.php\/wp-json\/wp\/v2\/types\/post"}],"author":[{"embeddable":true,"href":"https:\/\/centralmedia.rs\/index.php\/wp-json\/wp\/v2\/users\/4"}],"replies":[{"embeddable":true,"href":"https:\/\/centralmedia.rs\/index.php\/wp-json\/wp\/v2\/comments?post=7373"}],"version-history":[{"count":0,"href":"https:\/\/centralmedia.rs\/index.php\/wp-json\/wp\/v2\/posts\/7373\/revisions"}],"wp:featuredmedia":[{"embeddable":true,"href":"https:\/\/centralmedia.rs\/index.php\/wp-json\/wp\/v2\/media\/7226"}],"wp:attachment":[{"href":"https:\/\/centralmedia.rs\/index.php\/wp-json\/wp\/v2\/media?parent=7373"}],"wp:term":[{"taxonomy":"category","embeddable":true,"href":"https:\/\/centralmedia.rs\/index.php\/wp-json\/wp\/v2\/categories?post=7373"},{"taxonomy":"post_tag","embeddable":true,"href":"https:\/\/centralmedia.rs\/index.php\/wp-json\/wp\/v2\/tags?post=7373"}],"curies":[{"name":"wp","href":"https:\/\/api.w.org\/{rel}","templated":true}]}}