{"id":7376,"date":"2017-03-30T16:32:34","date_gmt":"2017-03-30T16:32:34","guid":{"rendered":"http:\/\/centralmedia.rs\/?p=7376"},"modified":"2017-03-30T16:32:34","modified_gmt":"2017-03-30T16:32:34","slug":"intervju-aleksandar-vucic-pobeda-u-prvom-krugu-je-moguca","status":"publish","type":"post","link":"https:\/\/centralmedia.rs\/index.php\/2017\/03\/30\/intervju-aleksandar-vucic-pobeda-u-prvom-krugu-je-moguca\/","title":{"rendered":"INTERVJU Aleksandar Vu\u010di\u0107: Pobeda u prvom krugu je mogu\u0107a"},"content":{"rendered":"<p>Kakva god bude narodna volja, ja \u0107u je po\u0161tovati, a da li se nadam da je mogu\u0107a pobeda u prvom krugu, mislim da jeste &#8211; ka\u017ee predsedni\u010dki kandidat i lider SNS Aleksandar Vu\u010di\u0107.<\/p>\n<p class=\"question\">Da li je sve osim pobede u prvom krugu neuspeh?<\/p>\n<div id=\"firstParagraphBlock\"><\/div>\n<p class=\"answer\">&#8211; Prema celoj stvari se ne odnosim na takav na\u010din. Ne zato \u0161to sam neko ko tra\u017ei alibi, ve\u0107 zato \u0161to je za mene najva\u017enije da mi je \u010dista savest i da sam zadovoljan onim \u0161to sam radio u prethodnom periodu i programom koji sam izneo, jer nisam \u010duo ni\u010dije druge planove i programe.<\/p>\n<p class=\"question\">Sa najfrekventnije funkcije \u017eelite da odete na jednu s manje obaveza. Kako zami\u0161ljate va\u0161 posao ubudu\u0107e?<\/p>\n<p class=\"answer\">&#8211; Nisam neko ko \u0107e imati malo posla i mislim da mogu da bude ogromna podr\u0161ka i vladi i gra\u0111anima Srbije. Mogu da kontroli\u0161em vladu u skladu s ustavnim ovla\u0161\u0107enjima, a va\u017ena je uloga predsednika i u o\u010duvanju stabilnosti u zemlji u regionu. Bi\u0107u pomo\u0107 vladi u dovo\u0111enju investitora kroz razgovore s liderima mnogih zemalja. Tako\u0111e, veoma je va\u017eno to \u0161to je predsednik i do sada odlukom vlade imao odlu\u010duju\u0107u ulogu za koordinaciju u okviru namenske industrije.<\/p>\n<p class=\"question\">Za \u0161ta vlada jo\u0161 mo\u017ee da vas ovlasti?<\/p>\n<p class=\"answer\">&#8211; Ne trebaju mi nova ovla\u0161\u0107enja. U namenskoj industriji imamo ogroman potencijal, ogromnu \u0161ansu i samo time da se bavim, to je posao od jutra do mraka.<\/p>\n<p class=\"question\">Imate li ve\u0107 neke planove?<\/p>\n<p class=\"answer\">&#8211; Imam, nego \u0161ta? Vlada koju do sada vodim je pripremila desetine miliona evra za ulaganje u namensku industriju, a to \u0107e nam se vi\u0161estruko vratiti. Imamo plan za kova\u010dnicu u Kragujevcu, za novu \u201eZastavu\u201d, kao i koje nove fabrike municije da izgradimo, fabrike za vi\u0161enamenska vozila, na koji na\u010din FAP da uklju\u010dimo u to&#8230; Mnogo posla i napornog rada je ispred nas. Ako samo jedan ili dva od tih problema re\u0161imo, za Srbiju \u0107e biti mnogo manje problema u budu\u0107nosti. Ako uspem s kineskim partnerima da re\u0161im RTB Bor, onda sam vladi, \u010dini mi se, na dva krila koja ima dodao i tre\u0107e i bi\u0107e im mnogo lak\u0161e da lete napred.<\/p>\n<p class=\"question\">Kako ocenjujete kampanju?<\/p>\n<p class=\"answer\">&#8211; \u0160to se mene ti\u010de, bila je \u010dista kao suza. Nijedan negativan, a kamoli prljav spot, vrlo malo negativnih re\u010di, ali nijednu prljavu ili nepristojnu re\u010d nisam izgovorio, ni\u010dijeg \u010dlana porodice nisam pomenuo, nisam ulazio mnogo ni u pro\u0161lost kandidata. Nisam govorio o njima, ve\u0107 o Srbiji i o budu\u0107nosti.<\/p>\n<p class=\"question\">Imali ste druga\u010dije spotove. Iz koliko dublova ste snimali scene?<\/p>\n<p class=\"answer\">&#8211; Kratko su trajala snimanja, ja sam te\u017eak kada je re\u010d o snimanjima i fotografisanju. Ali spotovi su svakako bili druga\u010diji i inovativniji.<\/p>\n<p class=\"question\">Pojavila se informacija da niste zadovoljni kampanjom i da ste promenili saradnike.<\/p>\n<p class=\"answer\">&#8211; Nije se pojavila informacija, ve\u0107 dezinformacija. Vi ste danas bili u Vladi kada je do\u0161ao Aron \u0160aviv. Besmisleno je da o tome i govorim. Politika je vi\u0161e od tehnike i matematike i zato moji protivnici gube. Ja sam zadovoljan, stvari su pod kontrolom od po\u010detka do kraja kampanje \u0161to se ti\u010de podr\u0161ke gra\u0111ana, dok je mojim protivnicima podr\u0161ka padala.<\/p>\n<p class=\"question\">Ho\u0107ete li podneti ostavku na mesto predsednika stranke ako budete izabrani?<\/p>\n<p class=\"answer\">&#8211; O tome \u0107u razgovarati s ljudima u stranci. Kad, kako i \u0161ta da uradimo. Na slede\u0107em kongresu SNS ne\u0107u se kandidovati za predsednika stranke. Moje je da za to vreme prona\u0111emo novog predsednika stranke. SNS ima mnogo dobrih i vrednih ljudi koji to zaslu\u017euju.<\/p>\n<p class=\"question\">A ko \u0107e vas zameniti na mestu premijera? Da li mo\u017eete da nam ka\u017eete dve, tri osobe koje imaju \u0161anse?<\/p>\n<p class=\"answer\">&#8211; Ne bi bilo fer. Bi\u0107e fer da izgovorim samo jedno ime. Ima vi\u0161e kandidata. Ali hajde da sa\u010dekamo izbore, mo\u017eda neko drugi bude predlagao slede\u0107eg predsednika vlade.<\/p>\n<p class=\"question\">Pisalo se da je s Da\u010di\u0107em dogovoreno da vas nasledi.<\/p>\n<p class=\"answer\">&#8211; Nemam komentar. Pisali su i da mi je brat uzeo &#8220;Fran\u0161&#8221; i da sam otpustio Izraelce. Ali ako vi znate ne\u0161to drugo, onda dobro. Ne znam samo ho\u0107ete li re\u0107i &#8220;izvini&#8221; ako se poka\u017ee da nije ta\u010dno.<\/p>\n<p class=\"question\">Da li se Branko Ru\u017ei\u0107 vra\u0107a u vladu? Mudro se u\u0107utao u poslednje vreme.<\/p>\n<p class=\"answer\">&#8211; Ne znam, stvarno. Zahvalan sam mu na podr\u0161ci, ali to zavisi od slede\u0107eg predsednika vlade.<\/p>\n<p class=\"question\">U prethodne tri godine najvi\u0161e ste se bavili ekonomijom. Kakvu kasu ostavljate nasledniku?<\/p>\n<p class=\"answer\">&#8211; Punu. Nema s tim problema. Na\u0161e je da sad uzimamo ve\u0107e kase i da one ne budu prazne. Da poku\u0161amo njih da punimo kao \u0161to smo na\u0161u kasu napunili. Ima jo\u0161 mnogo prostora, jo\u0161 mnogo posla, i tu mislim da pomognem vladi. Prati\u0107emo sve \u0161to se de\u0161ava u svetu, popravljati poslovni ambijent i godine koje dolaze ukoliko o\u010duvamo mir i stabilnost bi\u0107e zlatne godine za Srbiju. Vi\u0161e se ne pominju plate jer su vra\u0107ene na pre\u0111a\u0161nji nivo &#8211; i prosvetnim radnicima, i medicinskim sestrama, lekarima, policajcima, vojnicima, socijalnim radnicima&#8230; Va\u017eno je i da penzije budu stabilne, redovne, uve\u0107avane svake godine.<\/p>\n<p class=\"question\">Podr\u017eavaju vas i Putin i Merkelova. Koje ste ustupke morali da u\u010dinite za to?<\/p>\n<p class=\"answer\">&#8211; Sumnjam da \u0107e ikada iko da govori o na\u0161oj zemlji onako kako je Angela Merkel govorila pre 15 dana. To je velika \u010dast. \u0160to se ti\u010de predsednika Putina, ne moram da govorim koliki je njegov zna\u010daj i koliko je va\u017eno da on s respektom govori o na\u0161oj zemlji. Nije i ne\u0107e biti ustupaka. Na\u0161 strate\u0161ki cilj je EU, ali mi smo jedini koji nisu uveli sankcije Rusiji. Nije lako. Te politi\u010dke odluke su uvezane s ekonomijom.<\/p>\n<p class=\"question\">Ko je od stranaca bio najte\u017ei sagovornik?<\/p>\n<p class=\"answer\">&#8211; Jedan od ljudi sa kojima je te\u0161ko razgovarati, umetnik u pregovorima, makar se ni u \u010demu ne slagali, koji je stra\u0161no dobro pripremljen je biv\u0161i potpredsednik SAD D\u017eozef Bajden. Njegova priprema, analiza psiholo\u0161kog profila sagovornika je fascinantna. O\u010dekivao sam \u017eestok napad i spremio sam se da se suprotstavim oko Kosova. Spremio sam se i da spustim slu\u0161alicu, ali posle tri minuta sam rekao &#8220;svaka \u010dast, razgovara\u0107emo, re\u0161ava\u0107emo sve dijalogom&#8221;, a niko nije popustio. On je pristupio na najpametniji na\u010din i nije izbacio Srbiju iz igre.<\/p>\n<p class=\"question\">Brojne kritike ste dobili zbog toga \u0161to je govornik na konvenciji bio \u0160reder, i to na dan po\u010detka bombardovanja.<\/p>\n<p class=\"answer\">&#8211; Slu\u010dajno sam izabrao taj dan po\u0161to je bio petak, a valjda je neko dan ranije ili kasnije igrao neku utakmicu, pa nisu mogle da se nameste tribine. Nemaju pravu kritiku, nego je te\u0161ko nekome palo \u0161to je veliki Gerhard \u0160reder do\u0161ao da me podr\u017ei.<\/p>\n","protected":false},"excerpt":{"rendered":"<p>Kakva god bude narodna volja, ja \u0107u je po\u0161tovati, a da li se nadam da je mogu\u0107a pobeda u prvom krugu, mislim da jeste &#8211; &hellip; <\/p>\n","protected":false},"author":4,"featured_media":7377,"comment_status":"open","ping_status":"open","sticky":false,"template":"","format":"standard","meta":{"footnotes":""},"categories":[2,13,12],"tags":[1274,1491,1112],"_links":{"self":[{"href":"https:\/\/centralmedia.rs\/index.php\/wp-json\/wp\/v2\/posts\/7376"}],"collection":[{"href":"https:\/\/centralmedia.rs\/index.php\/wp-json\/wp\/v2\/posts"}],"about":[{"href":"https:\/\/centralmedia.rs\/index.php\/wp-json\/wp\/v2\/types\/post"}],"author":[{"embeddable":true,"href":"https:\/\/centralmedia.rs\/index.php\/wp-json\/wp\/v2\/users\/4"}],"replies":[{"embeddable":true,"href":"https:\/\/centralmedia.rs\/index.php\/wp-json\/wp\/v2\/comments?post=7376"}],"version-history":[{"count":0,"href":"https:\/\/centralmedia.rs\/index.php\/wp-json\/wp\/v2\/posts\/7376\/revisions"}],"wp:featuredmedia":[{"embeddable":true,"href":"https:\/\/centralmedia.rs\/index.php\/wp-json\/wp\/v2\/media\/7377"}],"wp:attachment":[{"href":"https:\/\/centralmedia.rs\/index.php\/wp-json\/wp\/v2\/media?parent=7376"}],"wp:term":[{"taxonomy":"category","embeddable":true,"href":"https:\/\/centralmedia.rs\/index.php\/wp-json\/wp\/v2\/categories?post=7376"},{"taxonomy":"post_tag","embeddable":true,"href":"https:\/\/centralmedia.rs\/index.php\/wp-json\/wp\/v2\/tags?post=7376"}],"curies":[{"name":"wp","href":"https:\/\/api.w.org\/{rel}","templated":true}]}}