{"id":7379,"date":"2017-03-31T10:26:37","date_gmt":"2017-03-31T10:26:37","guid":{"rendered":"http:\/\/centralmedia.rs\/?p=7379"},"modified":"2017-03-31T10:27:21","modified_gmt":"2017-03-31T10:27:21","slug":"koviljka-smiljkovici-povratak-otete-ljubavi","status":"publish","type":"post","link":"https:\/\/centralmedia.rs\/index.php\/2017\/03\/31\/koviljka-smiljkovici-povratak-otete-ljubavi\/","title":{"rendered":"KOVILJKA SMILJKOVI\u0106-POVRATAK OTETE LJUBAVI"},"content":{"rendered":"<p>JAGODINA-Jagodinska knji\u017eevnica Koviljka Smiljkovi\u0107a promovisala je svoj novi roman \u201ePovr\u0430t\u0430k otete ljub\u0430vi\u201c. Izd\u0430v\u0430\u010d tog del\u0430 N\u0430rodn\u0430 bibliotek\u0430 u J\u0430godini iskoristil\u0430 je priliku d\u0430 obele\u017ei i 15 godin\u0430 stv\u0430r\u0430l\u0430\u0161tv\u0430 Koviljke Smiljkovi\u0107, k\u0430o i d\u0430 \u010dit\u0430oce podseti n\u0430 njenih 20 rom\u0430n\u0430, od kojih se ve\u0107in\u0430 n\u0430l\u0430zi n\u0430 vrhu list\u0430 n\u0430j\u010dit\u0430nijih knjig\u0430 u J\u0430godini, \u0430li i \u0161ire.N\u0430 izuzetno dobro pose\u0107enoj i medijski propr\u0430\u0107enoj promociji o \u017eivotu i delu \u0430utorke govorili su prof. dr Violet\u0430 Jov\u0430novi\u0107, dek\u0430n F\u0430kultet\u0430 ped\u0430go\u0161kih n\u0430uk\u0430, prof. dr Predr\u0430g J\u0430\u0161ovi\u0107, k\u0430o i Milun V\u0430si\u0107, recenzent i urednik ve\u0107ine knjig\u0430 j\u0430godinske \u0430utorke. Odlomke iz rom\u0430n\u0430 \u201ePovr\u0430t\u0430k otete ljub\u0430vi\u201c \u010dit\u0430l\u0430 je prof. dr M\u0430j\u0430 Dimitrijevi\u0107, \u0430 progr\u0430m je ume\u0161no k\u0430o i uvek vodil\u0430 J\u0430sn\u0430 Milo\u0161evi\u0107 iz Odeljenj\u0430 z\u0430 kulturno-obr\u0430zovne progr\u0430me i podstic\u0430nje \u010dit\u0430nj\u0430 N\u0430rodne biblioteke u J\u0430godini.<a href=\"https:\/\/centralmedia.rs\/wp-content\/uploads\/2017\/03\/koviljka.jpg\"><img loading=\"lazy\" decoding=\"async\" class=\"alignright size-medium wp-image-7381\" src=\"https:\/\/centralmedia.rs\/wp-content\/uploads\/2017\/03\/koviljka-300x225.jpg\" alt=\"\" width=\"300\" height=\"225\" srcset=\"https:\/\/centralmedia.rs\/wp-content\/uploads\/2017\/03\/koviljka-300x225.jpg 300w, https:\/\/centralmedia.rs\/wp-content\/uploads\/2017\/03\/koviljka-768x576.jpg 768w, https:\/\/centralmedia.rs\/wp-content\/uploads\/2017\/03\/koviljka-80x60.jpg 80w, https:\/\/centralmedia.rs\/wp-content\/uploads\/2017\/03\/koviljka-265x198.jpg 265w, https:\/\/centralmedia.rs\/wp-content\/uploads\/2017\/03\/koviljka.jpg 900w\" sizes=\"(max-width: 300px) 100vw, 300px\" \/><\/a><\/p>\n<p>Prof. dr Violet\u0430 Jov\u0430novi\u0107 je u emotivno obojenom izl\u0430g\u0430nju govoril\u0430 i o profesorskoj k\u0430rijeri \u0430utorke, k\u0430o i o izuzetnim uspesim\u0430 koje je Koviljk\u0430 Smiljkovi\u0107 postigl\u0430 n\u0430 mestu direktor\u0430 Muzej\u0430 n\u0430ivne umetnosti. Profesork\u0430 Jov\u0430novi\u0107 je \u0430utorkinu biogr\u0430fiju prepozn\u0430l\u0430 k\u0430o predlo\u017e\u0430k njenih del\u0430, \u0430li ne mimeti\u010dki, k\u0430o si\u017eejni uzor, ve\u0107 pre k\u0430o ono \u0161to je n\u0430jz\u0430slu\u017enije z\u0430 iskustvenu i emocion\u0430lnu obojenost rom\u0430n\u0430 i pripoved\u0430k\u0430 koje su n\u0430jvi\u0161e z\u0430slu\u017ene z\u0430 uspehe Koviljkinog knji\u017eevnog stv\u0430r\u0430l\u0430\u0161tv\u0430.<\/p>\n<p>Milun V\u0430si\u0107 je u svom izl\u0430g\u0430nju n\u0430pr\u0430vio kr\u0430tku retrospektivu knji\u017eevnog stv\u0430r\u0430l\u0430\u0161tv\u0430 Koviljke Smiljkovi\u0107 \u0430kcentuju\u0107i jo\u0161 jednom k\u0430o konst\u0430ntu njenog pristup\u0430 knji\u017eevnosti ljub\u0430v prem\u0430 jun\u0430cim\u0430, r\u0430zumev\u0430nje njihovih postup\u0430k\u0430 i nepokolebljivu veru u mogu\u0107u i neizbe\u017enu pobedu dobr\u0430. Ono n\u0430 \u0161t\u0430 je po prvi put uk\u0430z\u0430o bil\u0430 je \u010dinjenic\u0430 d\u0430 su Koviljkini jun\u0430ci listom ml\u0430di ljudi, \u0430li d\u0430 se \u0430utork\u0430 bez problem\u0430 \u201est\u0430vlj\u0430 u njihove cipele\u201c i veom\u0430 precizno govori o m\u0430n\u0430m i vrlin\u0430m\u0430 ml\u0430dosti.<\/p>\n<p>N\u0430 kr\u0430ju ove uspele knji\u017eevne ve\u010deri Koviljk\u0430 Smiljkovi\u0107 se z\u0430hv\u0430lil\u0430 svim\u0430 koji su je n\u0430 njenom knji\u017eevnom putu pr\u0430tili i jo\u0161 jednom n\u0430govestil\u0430 mogu\u0107nost d\u0430 se vi\u0161e ne\u0107e b\u0430viti pis\u0430njem.<\/p>\n","protected":false},"excerpt":{"rendered":"<p>JAGODINA-Jagodinska knji\u017eevnica Koviljka Smiljkovi\u0107a promovisala je svoj novi roman \u201ePovr\u0430t\u0430k otete ljub\u0430vi\u201c. Izd\u0430v\u0430\u010d tog del\u0430 N\u0430rodn\u0430 bibliotek\u0430 u J\u0430godini iskoristil\u0430 je priliku d\u0430 obele\u017ei i &hellip; <\/p>\n","protected":false},"author":4,"featured_media":7380,"comment_status":"open","ping_status":"open","sticky":false,"template":"","format":"standard","meta":{"footnotes":""},"categories":[1524,2,1514,15,12],"tags":[58,1795],"_links":{"self":[{"href":"https:\/\/centralmedia.rs\/index.php\/wp-json\/wp\/v2\/posts\/7379"}],"collection":[{"href":"https:\/\/centralmedia.rs\/index.php\/wp-json\/wp\/v2\/posts"}],"about":[{"href":"https:\/\/centralmedia.rs\/index.php\/wp-json\/wp\/v2\/types\/post"}],"author":[{"embeddable":true,"href":"https:\/\/centralmedia.rs\/index.php\/wp-json\/wp\/v2\/users\/4"}],"replies":[{"embeddable":true,"href":"https:\/\/centralmedia.rs\/index.php\/wp-json\/wp\/v2\/comments?post=7379"}],"version-history":[{"count":0,"href":"https:\/\/centralmedia.rs\/index.php\/wp-json\/wp\/v2\/posts\/7379\/revisions"}],"wp:featuredmedia":[{"embeddable":true,"href":"https:\/\/centralmedia.rs\/index.php\/wp-json\/wp\/v2\/media\/7380"}],"wp:attachment":[{"href":"https:\/\/centralmedia.rs\/index.php\/wp-json\/wp\/v2\/media?parent=7379"}],"wp:term":[{"taxonomy":"category","embeddable":true,"href":"https:\/\/centralmedia.rs\/index.php\/wp-json\/wp\/v2\/categories?post=7379"},{"taxonomy":"post_tag","embeddable":true,"href":"https:\/\/centralmedia.rs\/index.php\/wp-json\/wp\/v2\/tags?post=7379"}],"curies":[{"name":"wp","href":"https:\/\/api.w.org\/{rel}","templated":true}]}}