{"id":7385,"date":"2017-03-31T10:29:19","date_gmt":"2017-03-31T10:29:19","guid":{"rendered":"http:\/\/centralmedia.rs\/?p=7385"},"modified":"2017-03-31T10:29:19","modified_gmt":"2017-03-31T10:29:19","slug":"izlozba-rodonacelnika-srpske-naive-janko-brasic-1906-1994","status":"publish","type":"post","link":"https:\/\/centralmedia.rs\/index.php\/2017\/03\/31\/izlozba-rodonacelnika-srpske-naive-janko-brasic-1906-1994\/","title":{"rendered":"IZLO\u017dBA RODONA\u010cELNIKA SRPSKE NAIVE &#8211; JANKO BRA\u0160I\u0106 (1906-1994)"},"content":{"rendered":"<p>JAGODINA-U Muzeju naivne i marginalne umetnosti u Jagodini otvorena je retrospektivna izlo\u017eba slika rodona\u010delnika srpske naivne umetnosti Janka Bra\u0161i\u0107a (1906-1994). On je ro\u0111en u Opari\u0107u kod Rekovca, autor izlo\u017ebe je muzejski savetnik Marica Vra\u010devi\u0107. Izlo\u017ebu je otvorila vi\u0161i savetnik Sektora za kulturno nasle\u0111e Ministarstva kulture i informisanja Olivera Markovi\u0107, a brojne posetioce je pozdravila direktorica Muzeja Nina Krsti\u0107. Re\u010d je o retrospektivnoj izlo\u017ebi 40 dela Bra\u0161i\u0107a, od 67 koliko ih je u zbirci muzeja i bi\u0107e otvorena do 30. aprila. Najranija dela Bra\u0161i\u0107a datiraju iz 1933. godine, a prvi put se javno predstavio radovima: &#8220;Portret kralja Petra Drugog&#8221; i &#8220;Autoportret&#8221; u Umetni\u010dkom paviljonu &#8220;Cvijeta Zuzori\u0107&#8221;, gde izla\u017ee kao jedini ne\u0161kolovani slikar, zajedno sa na\u0161im najpoznatijim akademskim umetnicima.<\/p>\n<p>-Ohrabren uspehom u Beogradu, ve\u0107 1937. godine priredio je samostalnu izlo\u017ebu u Opari\u0107u. Izlo\u017ebu je otvorio vladika Nikolaj Velimirovi\u0107. Me\u0111u izlo\u017eenim radovima tada, na\u0161la su se dela koja se danas smatraju njegovim vrhnskim ostvarenjima, kazala je Vra\u010devi\u0107eva.<\/p>\n<p>Bra\u0161i\u0107 slika svoje ro\u0111ake, prijatelje, seoske praznike, enterijere, sedeljke i igranke, harmonika\u0161e, ali i sahrane, groblja, tu\u010de u kafani&#8230;<\/p>\n<p>Me\u0111u najbolja Bra\u0161i\u0107eva dela, koja su i vrh svetske naivne umetnosti, svrstavaju se: &#8220;Portret majke&#8221;, &#8220;Portret slikara seljaka&#8221;, &#8220;Moja porodica&#8221; &#8220;Sahrana&#8221;, &#8220;Mrtvi vojnici&#8221;, &#8220;Boj Srba i Turaka&#8221;, &#8220;Sedeljka&#8221;, &#8220;Groblje&#8221;, &#8220;Stari Bo\u017ei\u0107&#8221;, &#8220;Kolo&#8221;&#8230;<\/p>\n","protected":false},"excerpt":{"rendered":"<p>JAGODINA-U Muzeju naivne i marginalne umetnosti u Jagodini otvorena je retrospektivna izlo\u017eba slika rodona\u010delnika srpske naivne umetnosti Janka Bra\u0161i\u0107a (1906-1994). On je ro\u0111en u Opari\u0107u &hellip; <\/p>\n","protected":false},"author":4,"featured_media":7386,"comment_status":"open","ping_status":"open","sticky":false,"template":"","format":"standard","meta":{"footnotes":""},"categories":[1524,2,1514,15,12],"tags":[58,1797,1796],"_links":{"self":[{"href":"https:\/\/centralmedia.rs\/index.php\/wp-json\/wp\/v2\/posts\/7385"}],"collection":[{"href":"https:\/\/centralmedia.rs\/index.php\/wp-json\/wp\/v2\/posts"}],"about":[{"href":"https:\/\/centralmedia.rs\/index.php\/wp-json\/wp\/v2\/types\/post"}],"author":[{"embeddable":true,"href":"https:\/\/centralmedia.rs\/index.php\/wp-json\/wp\/v2\/users\/4"}],"replies":[{"embeddable":true,"href":"https:\/\/centralmedia.rs\/index.php\/wp-json\/wp\/v2\/comments?post=7385"}],"version-history":[{"count":0,"href":"https:\/\/centralmedia.rs\/index.php\/wp-json\/wp\/v2\/posts\/7385\/revisions"}],"wp:featuredmedia":[{"embeddable":true,"href":"https:\/\/centralmedia.rs\/index.php\/wp-json\/wp\/v2\/media\/7386"}],"wp:attachment":[{"href":"https:\/\/centralmedia.rs\/index.php\/wp-json\/wp\/v2\/media?parent=7385"}],"wp:term":[{"taxonomy":"category","embeddable":true,"href":"https:\/\/centralmedia.rs\/index.php\/wp-json\/wp\/v2\/categories?post=7385"},{"taxonomy":"post_tag","embeddable":true,"href":"https:\/\/centralmedia.rs\/index.php\/wp-json\/wp\/v2\/tags?post=7385"}],"curies":[{"name":"wp","href":"https:\/\/api.w.org\/{rel}","templated":true}]}}