{"id":7393,"date":"2017-03-31T13:52:54","date_gmt":"2017-03-31T13:52:54","guid":{"rendered":"http:\/\/centralmedia.rs\/?p=7393"},"modified":"2017-03-31T13:55:40","modified_gmt":"2017-03-31T13:55:40","slug":"srbija-dobija-najvecu-atletsku-dvoranu-na-balkanu-pocinje-izgradnja-atletskog-kompleksa-u-cupriji","status":"publish","type":"post","link":"https:\/\/centralmedia.rs\/index.php\/2017\/03\/31\/srbija-dobija-najvecu-atletsku-dvoranu-na-balkanu-pocinje-izgradnja-atletskog-kompleksa-u-cupriji\/","title":{"rendered":"SRBIJA DOBIJA NAJVE\u0106U ATLETSKU DVORANU NA BALKANU &#8211; PO\u010cINJE IZGRADNJA ATLETSKOG KOMPLEKSA U \u0106UPRIJI"},"content":{"rendered":"<p>\u0106UPRIJA-Direktor Direkcije za imovinu Srbije Jovan Vorkapi\u0107 i predsednik op\u0161tine \u0106uprija Ninoslav Eri\u0107 potpisali su dokument o besplatnom prenosu atletske staze i borili\u0161ta sa Evropskog prvenstva na tu op\u0161tinu, \u0161to je prakti\u010dno ozna\u010dilo i po\u010detak izgradnje Atetske dvorane i sportskog kompleksa sa stadionom, hotelom i ostalim sadr\u017eajima. Re\u010d je drugoj atletskoj dvorani u Srbiji i jedinoj u kojoj \u0107e mo\u0107i da se organizuju me\u0111unarodna takmi\u010denja, jer ima \u0161est staza. \u00a0\u00a0\u00a0\u00a0<a href=\"https:\/\/centralmedia.rs\/wp-content\/uploads\/2017\/03\/ugovor-2-cuprija-g.j..jpg\"><img loading=\"lazy\" decoding=\"async\" class=\"alignleft size-medium wp-image-7395\" src=\"https:\/\/centralmedia.rs\/wp-content\/uploads\/2017\/03\/ugovor-2-cuprija-g.j.-300x225.jpg\" alt=\"\" width=\"300\" height=\"225\" srcset=\"https:\/\/centralmedia.rs\/wp-content\/uploads\/2017\/03\/ugovor-2-cuprija-g.j.-300x225.jpg 300w, https:\/\/centralmedia.rs\/wp-content\/uploads\/2017\/03\/ugovor-2-cuprija-g.j.-768x576.jpg 768w, https:\/\/centralmedia.rs\/wp-content\/uploads\/2017\/03\/ugovor-2-cuprija-g.j.-80x60.jpg 80w, https:\/\/centralmedia.rs\/wp-content\/uploads\/2017\/03\/ugovor-2-cuprija-g.j.-265x198.jpg 265w, https:\/\/centralmedia.rs\/wp-content\/uploads\/2017\/03\/ugovor-2-cuprija-g.j..jpg 900w\" sizes=\"(max-width: 300px) 100vw, 300px\" \/><\/a><\/p>\n<p>-Vrednost kompletnog projekta je oko 500 miliona dinara, od toga samo staza sa Evropskog prvenstva vredi 200 miliona. Ovo je veliki dan za \u0106upriju, jer smo kao grad atletike dobili mogu\u0107nost da razvijamo infrastrukturu. Ovo je po\u010detak izgradnje infrastrukture, koja \u0107e pozicionirati \u0106upriju kao grad atletike na Balkanu. Pored atletske dvorane, izgradi\u0107emo atletski stadion i atletski kompleks za sportiste iz Srbije i Balkana. Imamo i trim stazu, a izgradi\u0107emo i planinsku stazu, rekao je Eri\u0107. \u00a0\u00a0<a href=\"https:\/\/centralmedia.rs\/wp-content\/uploads\/2017\/03\/dvorana.jpg\"><img loading=\"lazy\" decoding=\"async\" class=\"alignleft size-medium wp-image-7396\" src=\"https:\/\/centralmedia.rs\/wp-content\/uploads\/2017\/03\/dvorana-300x178.jpg\" alt=\"\" width=\"300\" height=\"178\" srcset=\"https:\/\/centralmedia.rs\/wp-content\/uploads\/2017\/03\/dvorana-300x178.jpg 300w, https:\/\/centralmedia.rs\/wp-content\/uploads\/2017\/03\/dvorana-768x455.jpg 768w, https:\/\/centralmedia.rs\/wp-content\/uploads\/2017\/03\/dvorana.jpg 1013w\" sizes=\"(max-width: 300px) 100vw, 300px\" \/><\/a><\/p>\n<p>U planu je i izgradnja hotela, \u0161to \u0107e dodatno pove\u0107ati sme\u0161tajne mogu\u0107nosti i omogu\u0107iti razvoj sportskog turizma.<\/p>\n<p>-Posle uspe\u0161no organizovanog EP, Vlada Srbije je donela odluku da bez naknade prenese u vlasni\u0161tvo atletsku stazu. To nije slu\u010dajno, jer republi\u010dki organi sa \u0106uprijom imaju odli\u010dnu saradnju, pre godinu dana bez naknade je prenet atletski stadion. \u0106uprija je u atletici najtrofejniji grad u Srbiji, rekao je Vorkapi\u0107. \u00a0\u00a0<a href=\"https:\/\/centralmedia.rs\/wp-content\/uploads\/2017\/03\/dvorana-4.jpg\"><img loading=\"lazy\" decoding=\"async\" class=\"alignleft size-medium wp-image-7397\" src=\"https:\/\/centralmedia.rs\/wp-content\/uploads\/2017\/03\/dvorana-4-300x206.jpg\" alt=\"\" width=\"300\" height=\"206\" srcset=\"https:\/\/centralmedia.rs\/wp-content\/uploads\/2017\/03\/dvorana-4-300x206.jpg 300w, https:\/\/centralmedia.rs\/wp-content\/uploads\/2017\/03\/dvorana-4-768x527.jpg 768w, https:\/\/centralmedia.rs\/wp-content\/uploads\/2017\/03\/dvorana-4-100x70.jpg 100w, https:\/\/centralmedia.rs\/wp-content\/uploads\/2017\/03\/dvorana-4-218x150.jpg 218w, https:\/\/centralmedia.rs\/wp-content\/uploads\/2017\/03\/dvorana-4.jpg 900w\" sizes=\"(max-width: 300px) 100vw, 300px\" \/><\/a><\/p>\n<p>Trofejni atleti\u010dar Dragan Zdravkovi\u0107 istakao je da o\u010dekuje da ceo projekat bude zavr\u0161en do oktobra 2018. godine i predlo\u017eio da atletski kompleks ponese ime legendarnog trenera Aleksandra Petrovi\u0107a.<\/p>\n<p>Predsednik ASS Veselin Jevrosimovi\u0107 naveo je da je re\u010d o najve\u0107oj atletskoj dvorani u Srbiji i na Balkanu, \u0161to name\u0107e obaveze tom savezu da se atletika vrati u \u0106upriju i Srbiju, te zapo\u010dne razvoj sportskog turizma.<a href=\"https:\/\/centralmedia.rs\/wp-content\/uploads\/2017\/03\/dvorana-2.jpg\"><img loading=\"lazy\" decoding=\"async\" class=\"alignleft size-medium wp-image-7398\" src=\"https:\/\/centralmedia.rs\/wp-content\/uploads\/2017\/03\/dvorana-2-300x186.jpg\" alt=\"\" width=\"300\" height=\"186\" srcset=\"https:\/\/centralmedia.rs\/wp-content\/uploads\/2017\/03\/dvorana-2-300x186.jpg 300w, https:\/\/centralmedia.rs\/wp-content\/uploads\/2017\/03\/dvorana-2-768x477.jpg 768w, https:\/\/centralmedia.rs\/wp-content\/uploads\/2017\/03\/dvorana-2-356x220.jpg 356w, https:\/\/centralmedia.rs\/wp-content\/uploads\/2017\/03\/dvorana-2.jpg 967w\" sizes=\"(max-width: 300px) 100vw, 300px\" \/><\/a><\/p>\n<p>Direktor ASS Slobodan Brankovi\u0107 najavio je da \u0107e tre\u0107a atletska dvorana biti izgra\u0111ena u Novom Sadu, kao i da je ulaganje u sportsku infrastruktru ulaganje u zdravlje dece i cele nacije.<\/p>\n","protected":false},"excerpt":{"rendered":"<p>\u0106UPRIJA-Direktor Direkcije za imovinu Srbije Jovan Vorkapi\u0107 i predsednik op\u0161tine \u0106uprija Ninoslav Eri\u0107 potpisali su dokument o besplatnom prenosu atletske staze i borili\u0161ta sa Evropskog &hellip; <\/p>\n","protected":false},"author":4,"featured_media":7394,"comment_status":"open","ping_status":"open","sticky":false,"template":"","format":"standard","meta":{"footnotes":""},"categories":[1515,1524,2,887,21],"tags":[1798,44],"_links":{"self":[{"href":"https:\/\/centralmedia.rs\/index.php\/wp-json\/wp\/v2\/posts\/7393"}],"collection":[{"href":"https:\/\/centralmedia.rs\/index.php\/wp-json\/wp\/v2\/posts"}],"about":[{"href":"https:\/\/centralmedia.rs\/index.php\/wp-json\/wp\/v2\/types\/post"}],"author":[{"embeddable":true,"href":"https:\/\/centralmedia.rs\/index.php\/wp-json\/wp\/v2\/users\/4"}],"replies":[{"embeddable":true,"href":"https:\/\/centralmedia.rs\/index.php\/wp-json\/wp\/v2\/comments?post=7393"}],"version-history":[{"count":0,"href":"https:\/\/centralmedia.rs\/index.php\/wp-json\/wp\/v2\/posts\/7393\/revisions"}],"wp:featuredmedia":[{"embeddable":true,"href":"https:\/\/centralmedia.rs\/index.php\/wp-json\/wp\/v2\/media\/7394"}],"wp:attachment":[{"href":"https:\/\/centralmedia.rs\/index.php\/wp-json\/wp\/v2\/media?parent=7393"}],"wp:term":[{"taxonomy":"category","embeddable":true,"href":"https:\/\/centralmedia.rs\/index.php\/wp-json\/wp\/v2\/categories?post=7393"},{"taxonomy":"post_tag","embeddable":true,"href":"https:\/\/centralmedia.rs\/index.php\/wp-json\/wp\/v2\/tags?post=7393"}],"curies":[{"name":"wp","href":"https:\/\/api.w.org\/{rel}","templated":true}]}}