{"id":7402,"date":"2017-04-01T11:59:19","date_gmt":"2017-04-01T11:59:19","guid":{"rendered":"http:\/\/centralmedia.rs\/?p=7402"},"modified":"2017-04-01T11:59:19","modified_gmt":"2017-04-01T11:59:19","slug":"vratile-se-rode-u-jagodinu","status":"publish","type":"post","link":"https:\/\/centralmedia.rs\/index.php\/2017\/04\/01\/vratile-se-rode-u-jagodinu\/","title":{"rendered":"VRATILE SE RODE U JAGODINU"},"content":{"rendered":"<p>JAGODINA-Deset godina je od kada prvi par roda svio gnezdo na dimnjaku \u00a0O\u0160 Rada Miljkovi\u0107 u Jagodini, lepa tradicija je nastavljena i ovog prole\u0107a. Re\u010d je o jedinom gnezdu roda u centralnom gradskom\u00a0 jezgru u Srbiji. Rode, koje su po\u010dele da dolaze na dimnjak jagodinske \u0161kole pre deceniju,\u00a0 nemaju gnezda u drugim delovima grada. One dobro podnose de\u010diju graju, gu\u017evu i buku sa saobra\u0107ajnica.<a href=\"https:\/\/centralmedia.rs\/wp-content\/uploads\/2017\/04\/roda-3-jagodina-g.j.jpg\"><img loading=\"lazy\" decoding=\"async\" class=\"alignright size-medium wp-image-7404\" src=\"https:\/\/centralmedia.rs\/wp-content\/uploads\/2017\/04\/roda-3-jagodina-g.j-225x300.jpg\" alt=\"\" width=\"225\" height=\"300\" srcset=\"https:\/\/centralmedia.rs\/wp-content\/uploads\/2017\/04\/roda-3-jagodina-g.j-225x300.jpg 225w, https:\/\/centralmedia.rs\/wp-content\/uploads\/2017\/04\/roda-3-jagodina-g.j.jpg 675w\" sizes=\"(max-width: 225px) 100vw, 225px\" \/><\/a><\/p>\n<p>-Rode se ranije nisu gnezdile u gradskom jezgru u Jagodini, ali ovde su bezbedne, \u00a0imaju dovoljno hrane, pa su zato i opstale. Pretpostavljamo da je re\u010d o nekada\u0161njim mladuncima, koji su se tu ispilili, i koji se po inerciji vra\u0107aju ku\u0107i, ka\u017ee direktor \u0161kole Boban Marovi\u0107.<\/p>\n<p>Slu\u010dajno ili ne, od kada su rode po\u010dele da se gnezde \u0161kola nema problema sa brojem upisane dece u prvi razred, \u0161to je veliki problem u drugim \u0161kolama.<\/p>\n<p>-Cela \u0161kola se raduje dolasku roda, tako je bilo i ovog puta. Malo su poranile, nego \u0161to obi\u010dno \u010dine, ali one su na\u0161i vesnici prole\u0107a. Potuno su se prilagodile \u0161koli, slete u dvori\u0161te iako je puno dece, ne pla\u0161e se, kao da \u017eele da sa njima da se dru\u017ee, pri\u010da Marovi\u0107.\u00a0<a href=\"https:\/\/centralmedia.rs\/wp-content\/uploads\/2017\/04\/roda.jpg\"><img loading=\"lazy\" decoding=\"async\" class=\"alignright size-medium wp-image-7405\" src=\"https:\/\/centralmedia.rs\/wp-content\/uploads\/2017\/04\/roda-300x225.jpg\" alt=\"\" width=\"300\" height=\"225\" srcset=\"https:\/\/centralmedia.rs\/wp-content\/uploads\/2017\/04\/roda-300x225.jpg 300w, https:\/\/centralmedia.rs\/wp-content\/uploads\/2017\/04\/roda-768x576.jpg 768w, https:\/\/centralmedia.rs\/wp-content\/uploads\/2017\/04\/roda-80x60.jpg 80w, https:\/\/centralmedia.rs\/wp-content\/uploads\/2017\/04\/roda-265x198.jpg 265w, https:\/\/centralmedia.rs\/wp-content\/uploads\/2017\/04\/roda.jpg 900w\" sizes=\"(max-width: 300px) 100vw, 300px\" \/><\/a><\/p>\n<p>Pre dvadesetak dana sleteo je mu\u017ejak da zauzme gnezdo i da ga sredi, a pre desetak dana pridru\u017eila se \u017eenka. Oni nastavljaju sa ure\u0111ivanje gnezda i planiranjem porodice. Uobi\u010dajeno je da na \u0161kolskom dimnjaku ispili do \u010detiri rode.<\/p>\n<p>-\u0160kola je postavila gnezdo na jo\u0161 jednom sutbu u dvori\u0161tu, ali tu rode za sada ne sle\u0107u. Kada bi se to dogodilo plan je da se gnezda postave na jo\u0161 nekoliko stubova, \u0161to bi predstavljalo pravu koloniju roda u \u0161koli, najavljuje Marovi\u0107.<a href=\"https:\/\/centralmedia.rs\/wp-content\/uploads\/2017\/04\/roda-jagodina-g.j.jpg\"><img loading=\"lazy\" decoding=\"async\" class=\"alignright size-medium wp-image-7406\" src=\"https:\/\/centralmedia.rs\/wp-content\/uploads\/2017\/04\/roda-jagodina-g.j-300x225.jpg\" alt=\"\" width=\"300\" height=\"225\" srcset=\"https:\/\/centralmedia.rs\/wp-content\/uploads\/2017\/04\/roda-jagodina-g.j-300x225.jpg 300w, https:\/\/centralmedia.rs\/wp-content\/uploads\/2017\/04\/roda-jagodina-g.j-768x576.jpg 768w, https:\/\/centralmedia.rs\/wp-content\/uploads\/2017\/04\/roda-jagodina-g.j-80x60.jpg 80w, https:\/\/centralmedia.rs\/wp-content\/uploads\/2017\/04\/roda-jagodina-g.j-265x198.jpg 265w, https:\/\/centralmedia.rs\/wp-content\/uploads\/2017\/04\/roda-jagodina-g.j.jpg 900w\" sizes=\"(max-width: 300px) 100vw, 300px\" \/><\/a><\/p>\n<p>Jedan \u0161kolski \u010das u toj \u0161koli je posve\u0107en rodama, tako da u\u010denici znaju sve o tim pticama.<\/p>\n<p>&nbsp;<\/p>\n","protected":false},"excerpt":{"rendered":"<p>JAGODINA-Deset godina je od kada prvi par roda svio gnezdo na dimnjaku \u00a0O\u0160 Rada Miljkovi\u0107 u Jagodini, lepa tradicija je nastavljena i ovog prole\u0107a. Re\u010d &hellip; <\/p>\n","protected":false},"author":4,"featured_media":7403,"comment_status":"open","ping_status":"open","sticky":false,"template":"","format":"standard","meta":{"footnotes":""},"categories":[1524,2,1514],"tags":[58,259,1799],"_links":{"self":[{"href":"https:\/\/centralmedia.rs\/index.php\/wp-json\/wp\/v2\/posts\/7402"}],"collection":[{"href":"https:\/\/centralmedia.rs\/index.php\/wp-json\/wp\/v2\/posts"}],"about":[{"href":"https:\/\/centralmedia.rs\/index.php\/wp-json\/wp\/v2\/types\/post"}],"author":[{"embeddable":true,"href":"https:\/\/centralmedia.rs\/index.php\/wp-json\/wp\/v2\/users\/4"}],"replies":[{"embeddable":true,"href":"https:\/\/centralmedia.rs\/index.php\/wp-json\/wp\/v2\/comments?post=7402"}],"version-history":[{"count":0,"href":"https:\/\/centralmedia.rs\/index.php\/wp-json\/wp\/v2\/posts\/7402\/revisions"}],"wp:featuredmedia":[{"embeddable":true,"href":"https:\/\/centralmedia.rs\/index.php\/wp-json\/wp\/v2\/media\/7403"}],"wp:attachment":[{"href":"https:\/\/centralmedia.rs\/index.php\/wp-json\/wp\/v2\/media?parent=7402"}],"wp:term":[{"taxonomy":"category","embeddable":true,"href":"https:\/\/centralmedia.rs\/index.php\/wp-json\/wp\/v2\/categories?post=7402"},{"taxonomy":"post_tag","embeddable":true,"href":"https:\/\/centralmedia.rs\/index.php\/wp-json\/wp\/v2\/tags?post=7402"}],"curies":[{"name":"wp","href":"https:\/\/api.w.org\/{rel}","templated":true}]}}