{"id":7409,"date":"2017-04-02T14:00:00","date_gmt":"2017-04-02T14:00:00","guid":{"rendered":"http:\/\/centralmedia.rs\/?p=7409"},"modified":"2017-04-02T14:03:25","modified_gmt":"2017-04-02T14:03:25","slug":"najmladji-maloletni-ultramaratonac-na-svetu-pretrcao-196-kilometra-za-cetiri-dana","status":"publish","type":"post","link":"https:\/\/centralmedia.rs\/index.php\/2017\/04\/02\/najmladji-maloletni-ultramaratonac-na-svetu-pretrcao-196-kilometra-za-cetiri-dana\/","title":{"rendered":"NAJMLA\u0110I MALOLETNI ULTRAMARATONAC NA SVETU &#8211; PRETR\u010cAO 196 KILOMETRA ZA \u010cETIRI DANA"},"content":{"rendered":"<p>JAGODINA-U\u010denik Poljoprivredno-veterinarske \u0161kole iz Svilajnca Mihajlo Joci\u0107 (17) iz Jagodine najmla\u0111i je ultramaratonac na svetu i nedavno je pretr\u010dao 196 kilometra za \u010detiri dana na supermaratonu na jezeru Balaton u Ma\u0111arskoj. On nema trenera, niti podr\u0161ku kluba ili grada, najve\u0107u podr\u0161ku daju mu porodica i devojka.<\/p>\n<figure id=\"attachment_7411\" aria-describedby=\"caption-attachment-7411\" style=\"width: 300px\" class=\"wp-caption alignright\"><a href=\"https:\/\/centralmedia.rs\/wp-content\/uploads\/2017\/04\/mihajlno-jocic-u-kragujevcu-jagodina-g.j..jpg\"><img loading=\"lazy\" decoding=\"async\" class=\"size-medium wp-image-7411\" src=\"https:\/\/centralmedia.rs\/wp-content\/uploads\/2017\/04\/mihajlno-jocic-u-kragujevcu-jagodina-g.j.-300x300.jpg\" alt=\"\" width=\"300\" height=\"300\" srcset=\"https:\/\/centralmedia.rs\/wp-content\/uploads\/2017\/04\/mihajlno-jocic-u-kragujevcu-jagodina-g.j.-300x300.jpg 300w, https:\/\/centralmedia.rs\/wp-content\/uploads\/2017\/04\/mihajlno-jocic-u-kragujevcu-jagodina-g.j.-150x150.jpg 150w, https:\/\/centralmedia.rs\/wp-content\/uploads\/2017\/04\/mihajlno-jocic-u-kragujevcu-jagodina-g.j.-768x768.jpg 768w, https:\/\/centralmedia.rs\/wp-content\/uploads\/2017\/04\/mihajlno-jocic-u-kragujevcu-jagodina-g.j..jpg 960w\" sizes=\"(max-width: 300px) 100vw, 300px\" \/><\/a><figcaption id=\"caption-attachment-7411\" class=\"wp-caption-text\">Polumaraton u Kragujevcu i podr\u0161ka devojke<\/figcaption><\/figure>\n<p>-Trenirao sam rukomet u Jagodini,ali posle upisa \u0161kole u Svilajncu odlu\u010dio sam da se posvetim tr\u010danju. Moj prvi polumarton istr\u010dao sam pre dve i po godine u septembru na trim stazi te \u0161kole. Tr\u010dao sam, onako, iz \u0161ale. Prvih pet krugova sam lako savladao i u trenutku odlu\u010dio da nastavim dalje i istr\u010dim svoj prvi polumaraton. Na desetom kilometru, pomo\u0107i u vodi nije bilo, ali nastavio sam re\u0161en da istr\u010dim svih dvadeset kilometara. Posle 2.15 sata istr\u010dao sam svoj prvi polumaraton bez trunke vode. Tog trenutka sam od iscrpljenosti pao u nesevest, nekoliko minta le\u017eao sam ,,komiran\u201c, pri\u010da o svom prvom podvigu Mihajlo.<\/p>\n<p>To ga je motivisalo da ozbiljnije po\u010dne da se bavi tr\u010danjem na duge staze.<\/p>\n<figure id=\"attachment_7412\" aria-describedby=\"caption-attachment-7412\" style=\"width: 225px\" class=\"wp-caption alignright\"><a href=\"https:\/\/centralmedia.rs\/wp-content\/uploads\/2017\/04\/mihajlno-jocic-u-budimpesti-jagodina-g.j..jpg\"><img loading=\"lazy\" decoding=\"async\" class=\"size-medium wp-image-7412\" src=\"https:\/\/centralmedia.rs\/wp-content\/uploads\/2017\/04\/mihajlno-jocic-u-budimpesti-jagodina-g.j.-225x300.jpg\" alt=\"\" width=\"225\" height=\"300\" srcset=\"https:\/\/centralmedia.rs\/wp-content\/uploads\/2017\/04\/mihajlno-jocic-u-budimpesti-jagodina-g.j.-225x300.jpg 225w, https:\/\/centralmedia.rs\/wp-content\/uploads\/2017\/04\/mihajlno-jocic-u-budimpesti-jagodina-g.j..jpg 540w\" sizes=\"(max-width: 225px) 100vw, 225px\" \/><\/a><figcaption id=\"caption-attachment-7412\" class=\"wp-caption-text\">Maraton u Budimpe\u0161ti<\/figcaption><\/figure>\n<p>-Nemam trenera, moj treneri su moja volja i moj um.\u00a0 Video sam da se u dru\u0161tvu vi\u0161e cene druge vrednosti, odnosno ko \u0107e koliko da popije alkohola, popu\u0161i cigareta, nadrogira&#8230;Sport je na\u017ealost na niskim granama kod nas. Pogotovo oni sportisti koji sami ne\u0161to poku\u0161avaju kao ja, oni bivaju \u010dak izvrgnuti ruglu. Pitao sam svog oca da me negde progura, kako bih bio prime\u0107en, poku\u0161avao sam na sve na\u010dine, ali niko nije obra\u0107ao pa\u017enju. Dve i po godine treniram atletiku na duge staze potpuno sam, pri\u010da Mihajlo o svom putu.<\/p>\n<p>Na po\u010detku je tr\u010dao polumaratone u Beogradu, Novom Sadu, Kragujevcu, prvi maraton istr\u010dao 11. septembra pro\u0161le godine u Budumpe\u0161ti. Najbolji rezultat u polumaratonu mu je 1.40 sati, a maratonu 4 sata.<\/p>\n<p>-Supermaraton na jezeru Balaton u Ma\u0111arskoj zapo\u010deo sam 23. marta i \u010detiri dana tr\u010dao sam po 50 kilometara dnevno. Nisam se predavao ni u jednom trenutku, to je bio veliki test za mene i moje telo. Davao sam poslednje atome snage svakog dana,tr\u010dao samo po 50 kilometra i uspeo. Supermaraton ide od grada do grada. U\u010destvovalo je 3.000 u\u010desnika,bio sam najmla\u0111i, ka\u017ee Mihajlo.<\/p>\n<div id='gallery-1' class='gallery galleryid-7409 gallery-columns-2 gallery-size-full'><figure class='gallery-item'>\n\t\t\t<div class='gallery-icon portrait'>\n\t\t\t\t<a href='https:\/\/centralmedia.rs\/index.php\/2017\/04\/02\/najmladji-maloletni-ultramaratonac-na-svetu-pretrcao-196-kilometra-za-cetiri-dana\/mihajlno-jocic-u-beogradu-jagodina-g-j\/'><img loading=\"lazy\" decoding=\"async\" width=\"651\" height=\"864\" src=\"https:\/\/centralmedia.rs\/wp-content\/uploads\/2017\/04\/mihajlno-jocic-u-Beogradu-jagodina-g.j..jpg\" class=\"attachment-full size-full\" alt=\"\" srcset=\"https:\/\/centralmedia.rs\/wp-content\/uploads\/2017\/04\/mihajlno-jocic-u-Beogradu-jagodina-g.j..jpg 651w, https:\/\/centralmedia.rs\/wp-content\/uploads\/2017\/04\/mihajlno-jocic-u-Beogradu-jagodina-g.j.-226x300.jpg 226w\" sizes=\"(max-width: 651px) 100vw, 651px\" \/><\/a>\n\t\t\t<\/div><\/figure><figure class='gallery-item'>\n\t\t\t<div class='gallery-icon portrait'>\n\t\t\t\t<a href='https:\/\/centralmedia.rs\/index.php\/2017\/04\/02\/najmladji-maloletni-ultramaratonac-na-svetu-pretrcao-196-kilometra-za-cetiri-dana\/mihajlno-jocic-1-jagodina-g-j\/'><img loading=\"lazy\" decoding=\"async\" width=\"720\" height=\"960\" src=\"https:\/\/centralmedia.rs\/wp-content\/uploads\/2017\/04\/mihajlno-jocic-1-jagodina-g.j..jpg\" class=\"attachment-full size-full\" alt=\"\" srcset=\"https:\/\/centralmedia.rs\/wp-content\/uploads\/2017\/04\/mihajlno-jocic-1-jagodina-g.j..jpg 720w, https:\/\/centralmedia.rs\/wp-content\/uploads\/2017\/04\/mihajlno-jocic-1-jagodina-g.j.-225x300.jpg 225w\" sizes=\"(max-width: 720px) 100vw, 720px\" \/><\/a>\n\t\t\t<\/div><\/figure>\n\t\t<\/div>\n\n<p>Njega su za vreme ultramaratona na biciklima pratili otac i devojka. Od po\u010detka godine kroz treninge je istr\u010dao oko 500 kilometara, planira da nastavi sa ultramaratonima od 300 i 400 kilometra.<\/p>\n<p>&nbsp;<\/p>\n","protected":false},"excerpt":{"rendered":"<p>JAGODINA-U\u010denik Poljoprivredno-veterinarske \u0161kole iz Svilajnca Mihajlo Joci\u0107 (17) iz Jagodine najmla\u0111i je ultramaratonac na svetu i nedavno je pretr\u010dao 196 kilometra za \u010detiri dana na &hellip; <\/p>\n","protected":false},"author":4,"featured_media":7410,"comment_status":"open","ping_status":"open","sticky":false,"template":"","format":"standard","meta":{"footnotes":""},"categories":[1524,2,1514,887,21,1517],"tags":[58,1801,38,1800],"_links":{"self":[{"href":"https:\/\/centralmedia.rs\/index.php\/wp-json\/wp\/v2\/posts\/7409"}],"collection":[{"href":"https:\/\/centralmedia.rs\/index.php\/wp-json\/wp\/v2\/posts"}],"about":[{"href":"https:\/\/centralmedia.rs\/index.php\/wp-json\/wp\/v2\/types\/post"}],"author":[{"embeddable":true,"href":"https:\/\/centralmedia.rs\/index.php\/wp-json\/wp\/v2\/users\/4"}],"replies":[{"embeddable":true,"href":"https:\/\/centralmedia.rs\/index.php\/wp-json\/wp\/v2\/comments?post=7409"}],"version-history":[{"count":0,"href":"https:\/\/centralmedia.rs\/index.php\/wp-json\/wp\/v2\/posts\/7409\/revisions"}],"wp:featuredmedia":[{"embeddable":true,"href":"https:\/\/centralmedia.rs\/index.php\/wp-json\/wp\/v2\/media\/7410"}],"wp:attachment":[{"href":"https:\/\/centralmedia.rs\/index.php\/wp-json\/wp\/v2\/media?parent=7409"}],"wp:term":[{"taxonomy":"category","embeddable":true,"href":"https:\/\/centralmedia.rs\/index.php\/wp-json\/wp\/v2\/categories?post=7409"},{"taxonomy":"post_tag","embeddable":true,"href":"https:\/\/centralmedia.rs\/index.php\/wp-json\/wp\/v2\/tags?post=7409"}],"curies":[{"name":"wp","href":"https:\/\/api.w.org\/{rel}","templated":true}]}}