{"id":7432,"date":"2017-04-02T22:24:24","date_gmt":"2017-04-02T22:24:24","guid":{"rendered":"http:\/\/centralmedia.rs\/?p=7432"},"modified":"2017-04-02T22:26:24","modified_gmt":"2017-04-02T22:26:24","slug":"naprednjaci-na-trgovima-proslavili-pobedu-u-pomoravlju-cuprijski-sns-se-zahvalio-gradjanima-na-podrsci","status":"publish","type":"post","link":"https:\/\/centralmedia.rs\/index.php\/2017\/04\/02\/naprednjaci-na-trgovima-proslavili-pobedu-u-pomoravlju-cuprijski-sns-se-zahvalio-gradjanima-na-podrsci\/","title":{"rendered":"NAPREDNJACI NA TRGOVIMA PROSLAVILI POBEDU U POMORAVLJU-\u0106UPRIJSKI SNS SE ZAHVALIO GRA\u0110ANIMA NA  PODR\u0160CI"},"content":{"rendered":"<p>JAGODINA-Naprednjaci u Pomoravlju ve\u0107 oko 21 sat po\u010deli da slave ubedljivu pobedu u prvom krugu svog kandidata Aleksandra Vu\u010di\u0107a.<a href=\"https:\/\/centralmedia.rs\/wp-content\/uploads\/2017\/04\/rekovac.jpg\"><img loading=\"lazy\" decoding=\"async\" class=\"alignleft size-medium wp-image-7434\" src=\"https:\/\/centralmedia.rs\/wp-content\/uploads\/2017\/04\/rekovac-300x225.jpg\" alt=\"\" width=\"300\" height=\"225\" srcset=\"https:\/\/centralmedia.rs\/wp-content\/uploads\/2017\/04\/rekovac-300x225.jpg 300w, https:\/\/centralmedia.rs\/wp-content\/uploads\/2017\/04\/rekovac-768x576.jpg 768w, https:\/\/centralmedia.rs\/wp-content\/uploads\/2017\/04\/rekovac-80x60.jpg 80w, https:\/\/centralmedia.rs\/wp-content\/uploads\/2017\/04\/rekovac-265x198.jpg 265w, https:\/\/centralmedia.rs\/wp-content\/uploads\/2017\/04\/rekovac.jpg 960w\" sizes=\"(max-width: 300px) 100vw, 300px\" \/><\/a> Slavlje se prenelo na ulice i trgove, kolone automobila sa zastavama kretale su ulicama Rekovca, \u0161ampanjac i \u0161etnja sa zastavama u Para\u0107inu, kolo i truba\u010di u centru Svilajnca.<a href=\"https:\/\/centralmedia.rs\/wp-content\/uploads\/2017\/04\/paracin.jpg\"><img loading=\"lazy\" decoding=\"async\" class=\"alignright size-medium wp-image-7435\" src=\"https:\/\/centralmedia.rs\/wp-content\/uploads\/2017\/04\/paracin-300x169.jpg\" alt=\"\" width=\"300\" height=\"169\" srcset=\"https:\/\/centralmedia.rs\/wp-content\/uploads\/2017\/04\/paracin-300x169.jpg 300w, https:\/\/centralmedia.rs\/wp-content\/uploads\/2017\/04\/paracin-768x432.jpg 768w, https:\/\/centralmedia.rs\/wp-content\/uploads\/2017\/04\/paracin.jpg 960w\" sizes=\"(max-width: 300px) 100vw, 300px\" \/><\/a> Prema\u00a0rezultatima\u00a0OO SNS u \u0106upriji,\u00a0na 31 glasa\u010dkom mestu u \u0106upriji, od 30.028 upisanih bira\u010da, na izbore je iza\u0161lo oko\u00a014.600 glasa\u010da. Za kandidata koalicije okupljene oko SNS Aleksandra Vu\u010di\u0107a glasalo je\u00a09.700, odnosno 66,3 odsto. Predsednik OO SNS u \u0106upriji Ninoslav Eri\u0107 zahvalio se gra\u0111anima \u0106uprije \u0161to su i ovaj put glasali za kandidata koji je garant razvoja Srbije i \u0106uprije.<\/p>\n<p>-\u0106uprija je i ovog puta bila uz Aleksandra Vu\u010di\u0107a i Vu\u010di\u0107 je bio i bi\u0107e uz \u0106upriju \u2013 rekao je Eri\u0107.<a href=\"https:\/\/centralmedia.rs\/wp-content\/uploads\/2017\/04\/jagodina.jpg\"><img loading=\"lazy\" decoding=\"async\" class=\"alignright size-medium wp-image-7436\" src=\"https:\/\/centralmedia.rs\/wp-content\/uploads\/2017\/04\/jagodina-300x180.jpg\" alt=\"\" width=\"300\" height=\"180\" srcset=\"https:\/\/centralmedia.rs\/wp-content\/uploads\/2017\/04\/jagodina-300x180.jpg 300w, https:\/\/centralmedia.rs\/wp-content\/uploads\/2017\/04\/jagodina-768x461.jpg 768w, https:\/\/centralmedia.rs\/wp-content\/uploads\/2017\/04\/jagodina.jpg 960w\" sizes=\"(max-width: 300px) 100vw, 300px\" \/><\/a><\/p>\n<p>U Despotovcu iz SNS saop\u0161tavju da AV dobio podr\u0161ku 69,31 odsto Resavaca koji su iza\u0161li na izbore,u Rekovcu AV je pobedio sa 67 odsto glasova. U Svilajncu su Naprednjaci obele\u017eili pobedu AV sa 65 odsto podr\u0161ke, AV je u Para\u0107inu dobio podr\u0161ku oko 60 odsto iza\u0161lih gra\u0111ana, a u Jagodini 57 odsto.<\/p>\n<p>&nbsp;<\/p>\n","protected":false},"excerpt":{"rendered":"<p>JAGODINA-Naprednjaci u Pomoravlju ve\u0107 oko 21 sat po\u010deli da slave ubedljivu pobedu u prvom krugu svog kandidata Aleksandra Vu\u010di\u0107a. Slavlje se prenelo na ulice i &hellip; <\/p>\n","protected":false},"author":4,"featured_media":7433,"comment_status":"open","ping_status":"open","sticky":false,"template":"","format":"standard","meta":{"footnotes":""},"categories":[1515,1518,1524,2,887,1519],"tags":[537,1803,352],"_links":{"self":[{"href":"https:\/\/centralmedia.rs\/index.php\/wp-json\/wp\/v2\/posts\/7432"}],"collection":[{"href":"https:\/\/centralmedia.rs\/index.php\/wp-json\/wp\/v2\/posts"}],"about":[{"href":"https:\/\/centralmedia.rs\/index.php\/wp-json\/wp\/v2\/types\/post"}],"author":[{"embeddable":true,"href":"https:\/\/centralmedia.rs\/index.php\/wp-json\/wp\/v2\/users\/4"}],"replies":[{"embeddable":true,"href":"https:\/\/centralmedia.rs\/index.php\/wp-json\/wp\/v2\/comments?post=7432"}],"version-history":[{"count":0,"href":"https:\/\/centralmedia.rs\/index.php\/wp-json\/wp\/v2\/posts\/7432\/revisions"}],"wp:featuredmedia":[{"embeddable":true,"href":"https:\/\/centralmedia.rs\/index.php\/wp-json\/wp\/v2\/media\/7433"}],"wp:attachment":[{"href":"https:\/\/centralmedia.rs\/index.php\/wp-json\/wp\/v2\/media?parent=7432"}],"wp:term":[{"taxonomy":"category","embeddable":true,"href":"https:\/\/centralmedia.rs\/index.php\/wp-json\/wp\/v2\/categories?post=7432"},{"taxonomy":"post_tag","embeddable":true,"href":"https:\/\/centralmedia.rs\/index.php\/wp-json\/wp\/v2\/tags?post=7432"}],"curies":[{"name":"wp","href":"https:\/\/api.w.org\/{rel}","templated":true}]}}