{"id":7496,"date":"2017-04-06T13:27:00","date_gmt":"2017-04-06T13:27:00","guid":{"rendered":"http:\/\/centralmedia.rs\/?p=7496"},"modified":"2017-04-06T13:27:00","modified_gmt":"2017-04-06T13:27:00","slug":"predstava-cuprijskih-ucenika-iz-doma-srecno-kul-kul-za-andriju-atanaskovica","status":"publish","type":"post","link":"https:\/\/centralmedia.rs\/index.php\/2017\/04\/06\/predstava-cuprijskih-ucenika-iz-doma-srecno-kul-kul-za-andriju-atanaskovica\/","title":{"rendered":"PREDSTAVA \u0106UPRIJSKIH U\u010cENIKA IZ DOMA ,,SRE\u0106NO\u201d &#8211; ,,KUL, KUL\u201d ZA ANDRIJU ATANASKOVI\u0106A"},"content":{"rendered":"<p>\u0106UPRIJA-Generalna proba predstave \u201eKul,Kul\u201c \u00a0doma u\u010denika \u201eSre\u0107no\u201c\u00a0 iz \u0106uprije po koncept, re\u017eiji i dramaturgiji \u00a0Marija Miladinovi\u0107 igrana je u sali Muzi\u010dke \u0161kole Du\u0161an Skovran, sav prihod namenjen je za le\u010denje \u010detvorogodi\u0161njeg Andrije, a premijera je predvi\u0111ena na Domijadi u Kragujevcu.\u00a0\u00a0<a href=\"https:\/\/centralmedia.rs\/wp-content\/uploads\/2017\/04\/autor-i-glumci.jpg\"><img loading=\"lazy\" decoding=\"async\" class=\"alignleft size-full wp-image-7498\" src=\"https:\/\/centralmedia.rs\/wp-content\/uploads\/2017\/04\/autor-i-glumci.jpg\" alt=\"\" width=\"526\" height=\"394\" srcset=\"https:\/\/centralmedia.rs\/wp-content\/uploads\/2017\/04\/autor-i-glumci.jpg 526w, https:\/\/centralmedia.rs\/wp-content\/uploads\/2017\/04\/autor-i-glumci-300x225.jpg 300w, https:\/\/centralmedia.rs\/wp-content\/uploads\/2017\/04\/autor-i-glumci-80x60.jpg 80w, https:\/\/centralmedia.rs\/wp-content\/uploads\/2017\/04\/autor-i-glumci-265x198.jpg 265w\" sizes=\"(max-width: 526px) 100vw, 526px\" \/><\/a><\/p>\n<p>&#8211; Predstava je anga\u017eovanog karaktera i velika je stvar raditi takav tip predstave sa mladima ba\u0161 zato \u0161to\u00a0 prolaze kroz proces koji iziskuje dosta istra\u017eivanja, razmi\u0161ljanja, diskutovanja i neprestanu te\u017enju da se stvari defini\u0161u sagledaju kriti\u010dki i druga\u010dije od onog \u0161to nam serviraju mediji i dru\u0161tvo u celini,ka\u017ee Marija Miladinovi\u0107, ina\u010de domski pedagog.<\/p>\n<p>Ona od pro\u0161le godine vodi dramsku sekciju Doma u\u010denika Sre\u0107no. Zadatak sekcije je da pripremi dramski prikaz u trajanju od 20 minuta koji \u0107e izvesti na regonalnom takmi\u010denju domova Srbije \u2013 Domijadi.<\/p>\n<p>-Od novembra pro\u0161le godine razgovarali smo dosta na temu \u0161ta zna\u010di biti kul danas, kroz koje faze sve dana\u0161nji klinci prolaze, kako dru\u0161tvo posmatra osobine nekog ko je kul, ali i kako name\u0107e odre\u0111ene norme pona\u0161anja,\u00a0 \u0161ta radi\u0161 i \u010dime se bavi\u0161 ako \u017eeli\u0161 da bude\u0161 kul, obja\u0161njava ona.<\/p>\n<p>Veliki uticaj na nju, kao konceptualistkinju predstave, je u\u010dinila saradnja sa sa BITEF-om, igranje jedne takve predstave pro\u0161le godine u Para\u0107inu -\u201ePola pola\u201c, tekst Minje Bogavac, re\u017eija Uro\u0161 Mladenovi\u0107 i prolazak kroz proces dramaterapije na radionici Lidije Andonov koja se bavi takvim sagledavnjem pozori\u0161ta.<\/p>\n<p>Koautori i izvo\u0111a\u010di predstave su Obradovi\u0107 Nikola, Ili\u0107 Danijel, Bogdan \u010cekrli\u0107, Vojin Ivanovi\u0107, Oliver Mileti\u0107, Andrija Ceni\u0107 , Stefan Ili\u0107, An\u0111ela Milutinovi\u0107 i An\u0111ela Stevanovi\u0107.<\/p>\n","protected":false},"excerpt":{"rendered":"<p>\u0106UPRIJA-Generalna proba predstave \u201eKul,Kul\u201c \u00a0doma u\u010denika \u201eSre\u0107no\u201c\u00a0 iz \u0106uprije po koncept, re\u017eiji i dramaturgiji \u00a0Marija Miladinovi\u0107 igrana je u sali Muzi\u010dke \u0161kole Du\u0161an Skovran, sav &hellip; <\/p>\n","protected":false},"author":4,"featured_media":7497,"comment_status":"open","ping_status":"open","sticky":false,"template":"","format":"standard","meta":{"footnotes":""},"categories":[1515,1524,2,887],"tags":[44,1815,1814],"_links":{"self":[{"href":"https:\/\/centralmedia.rs\/index.php\/wp-json\/wp\/v2\/posts\/7496"}],"collection":[{"href":"https:\/\/centralmedia.rs\/index.php\/wp-json\/wp\/v2\/posts"}],"about":[{"href":"https:\/\/centralmedia.rs\/index.php\/wp-json\/wp\/v2\/types\/post"}],"author":[{"embeddable":true,"href":"https:\/\/centralmedia.rs\/index.php\/wp-json\/wp\/v2\/users\/4"}],"replies":[{"embeddable":true,"href":"https:\/\/centralmedia.rs\/index.php\/wp-json\/wp\/v2\/comments?post=7496"}],"version-history":[{"count":0,"href":"https:\/\/centralmedia.rs\/index.php\/wp-json\/wp\/v2\/posts\/7496\/revisions"}],"wp:featuredmedia":[{"embeddable":true,"href":"https:\/\/centralmedia.rs\/index.php\/wp-json\/wp\/v2\/media\/7497"}],"wp:attachment":[{"href":"https:\/\/centralmedia.rs\/index.php\/wp-json\/wp\/v2\/media?parent=7496"}],"wp:term":[{"taxonomy":"category","embeddable":true,"href":"https:\/\/centralmedia.rs\/index.php\/wp-json\/wp\/v2\/categories?post=7496"},{"taxonomy":"post_tag","embeddable":true,"href":"https:\/\/centralmedia.rs\/index.php\/wp-json\/wp\/v2\/tags?post=7496"}],"curies":[{"name":"wp","href":"https:\/\/api.w.org\/{rel}","templated":true}]}}