{"id":7505,"date":"2017-04-07T18:55:09","date_gmt":"2017-04-07T18:55:09","guid":{"rendered":"http:\/\/centralmedia.rs\/?p=7505"},"modified":"2017-04-07T18:55:09","modified_gmt":"2017-04-07T18:55:09","slug":"svetski-dan-zdravlja-u-cupriji","status":"publish","type":"post","link":"https:\/\/centralmedia.rs\/index.php\/2017\/04\/07\/svetski-dan-zdravlja-u-cupriji\/","title":{"rendered":"SVETSKI DAN ZDRAVLJA U \u0106UPRIJI"},"content":{"rendered":"<p>\u0106UPRIJA-Povodom obele\u017eavanja Svetskog dana zdravlja Centar za promociju zdravlja ZZJZ \u0106uprija i VM\u0160 organizovali su u amfiteatru te \u0161kole predavanje na temu ,,Depresija,, za u\u010denike srednjih \u0161kola. Predavanje su obavili studenti VM\u0160 i neuropsihijatar dr Sa\u0161a Atanaskovi\u0107. Na gradskom Va\u0161ari\u0161tu ZZJZ \u0106uprija u saradnji sa Crvenim krstom, patrona\u017enom slu\u017ebom DZ \u0106uprija i studentima VM\u0160 \u0161kole organizovao je preventivnu akciju povodom promovisanja zdravih stilova \u017eivota. Gra\u0111ani su proveravali vrednosti krvnog pritiska, \u0161e\u0107era u krvi i dobijali savete u vezi sa zdravim \u017eivotnim navikama. Na gradskom trgu studenti VM\u0160 sa u\u010denicima Medicinske \u0161kole organizovali su akciju\u00a0 provere vrednosti krvnog pritiska i \u0161e\u0107era u krvi.<\/p>\n<div id='gallery-1' class='gallery galleryid-7505 gallery-columns-3 gallery-size-full'><figure class='gallery-item'>\n\t\t\t<div class='gallery-icon landscape'>\n\t\t\t\t<a href='https:\/\/centralmedia.rs\/index.php\/2017\/04\/07\/svetski-dan-zdravlja-u-cupriji\/svetski-dan-zdravlja-1\/'><img loading=\"lazy\" decoding=\"async\" width=\"960\" height=\"720\" src=\"https:\/\/centralmedia.rs\/wp-content\/uploads\/2017\/04\/svetski-dan-zdravlja-1.jpg\" class=\"attachment-full size-full\" alt=\"\" srcset=\"https:\/\/centralmedia.rs\/wp-content\/uploads\/2017\/04\/svetski-dan-zdravlja-1.jpg 960w, https:\/\/centralmedia.rs\/wp-content\/uploads\/2017\/04\/svetski-dan-zdravlja-1-300x225.jpg 300w, https:\/\/centralmedia.rs\/wp-content\/uploads\/2017\/04\/svetski-dan-zdravlja-1-768x576.jpg 768w, https:\/\/centralmedia.rs\/wp-content\/uploads\/2017\/04\/svetski-dan-zdravlja-1-80x60.jpg 80w, https:\/\/centralmedia.rs\/wp-content\/uploads\/2017\/04\/svetski-dan-zdravlja-1-265x198.jpg 265w\" sizes=\"(max-width: 960px) 100vw, 960px\" \/><\/a>\n\t\t\t<\/div><\/figure><figure class='gallery-item'>\n\t\t\t<div class='gallery-icon landscape'>\n\t\t\t\t<a href='https:\/\/centralmedia.rs\/index.php\/2017\/04\/07\/svetski-dan-zdravlja-u-cupriji\/svetski-dan-zdravlja-2\/'><img loading=\"lazy\" decoding=\"async\" width=\"960\" height=\"720\" src=\"https:\/\/centralmedia.rs\/wp-content\/uploads\/2017\/04\/svetski-dan-zdravlja-2.jpg\" class=\"attachment-full size-full\" alt=\"\" srcset=\"https:\/\/centralmedia.rs\/wp-content\/uploads\/2017\/04\/svetski-dan-zdravlja-2.jpg 960w, https:\/\/centralmedia.rs\/wp-content\/uploads\/2017\/04\/svetski-dan-zdravlja-2-300x225.jpg 300w, https:\/\/centralmedia.rs\/wp-content\/uploads\/2017\/04\/svetski-dan-zdravlja-2-768x576.jpg 768w, https:\/\/centralmedia.rs\/wp-content\/uploads\/2017\/04\/svetski-dan-zdravlja-2-80x60.jpg 80w, https:\/\/centralmedia.rs\/wp-content\/uploads\/2017\/04\/svetski-dan-zdravlja-2-265x198.jpg 265w\" sizes=\"(max-width: 960px) 100vw, 960px\" \/><\/a>\n\t\t\t<\/div><\/figure><figure class='gallery-item'>\n\t\t\t<div class='gallery-icon landscape'>\n\t\t\t\t<a href='https:\/\/centralmedia.rs\/index.php\/2017\/04\/07\/svetski-dan-zdravlja-u-cupriji\/svetski-dan-zdravlja-3\/'><img loading=\"lazy\" decoding=\"async\" width=\"960\" height=\"720\" src=\"https:\/\/centralmedia.rs\/wp-content\/uploads\/2017\/04\/svetski-dan-zdravlja-3.jpg\" class=\"attachment-full size-full\" alt=\"\" srcset=\"https:\/\/centralmedia.rs\/wp-content\/uploads\/2017\/04\/svetski-dan-zdravlja-3.jpg 960w, https:\/\/centralmedia.rs\/wp-content\/uploads\/2017\/04\/svetski-dan-zdravlja-3-300x225.jpg 300w, https:\/\/centralmedia.rs\/wp-content\/uploads\/2017\/04\/svetski-dan-zdravlja-3-768x576.jpg 768w, https:\/\/centralmedia.rs\/wp-content\/uploads\/2017\/04\/svetski-dan-zdravlja-3-80x60.jpg 80w, https:\/\/centralmedia.rs\/wp-content\/uploads\/2017\/04\/svetski-dan-zdravlja-3-265x198.jpg 265w\" sizes=\"(max-width: 960px) 100vw, 960px\" \/><\/a>\n\t\t\t<\/div><\/figure>\n\t\t<\/div>\n\n","protected":false},"excerpt":{"rendered":"<p>\u0106UPRIJA-Povodom obele\u017eavanja Svetskog dana zdravlja Centar za promociju zdravlja ZZJZ \u0106uprija i VM\u0160 organizovali su u amfiteatru te \u0161kole predavanje na temu ,,Depresija,, za u\u010denike &hellip; <\/p>\n","protected":false},"author":4,"featured_media":7506,"comment_status":"open","ping_status":"open","sticky":false,"template":"","format":"standard","meta":{"footnotes":""},"categories":[1515,28,1524,2,887],"tags":[44,1820],"_links":{"self":[{"href":"https:\/\/centralmedia.rs\/index.php\/wp-json\/wp\/v2\/posts\/7505"}],"collection":[{"href":"https:\/\/centralmedia.rs\/index.php\/wp-json\/wp\/v2\/posts"}],"about":[{"href":"https:\/\/centralmedia.rs\/index.php\/wp-json\/wp\/v2\/types\/post"}],"author":[{"embeddable":true,"href":"https:\/\/centralmedia.rs\/index.php\/wp-json\/wp\/v2\/users\/4"}],"replies":[{"embeddable":true,"href":"https:\/\/centralmedia.rs\/index.php\/wp-json\/wp\/v2\/comments?post=7505"}],"version-history":[{"count":0,"href":"https:\/\/centralmedia.rs\/index.php\/wp-json\/wp\/v2\/posts\/7505\/revisions"}],"wp:featuredmedia":[{"embeddable":true,"href":"https:\/\/centralmedia.rs\/index.php\/wp-json\/wp\/v2\/media\/7506"}],"wp:attachment":[{"href":"https:\/\/centralmedia.rs\/index.php\/wp-json\/wp\/v2\/media?parent=7505"}],"wp:term":[{"taxonomy":"category","embeddable":true,"href":"https:\/\/centralmedia.rs\/index.php\/wp-json\/wp\/v2\/categories?post=7505"},{"taxonomy":"post_tag","embeddable":true,"href":"https:\/\/centralmedia.rs\/index.php\/wp-json\/wp\/v2\/tags?post=7505"}],"curies":[{"name":"wp","href":"https:\/\/api.w.org\/{rel}","templated":true}]}}