{"id":7525,"date":"2017-04-10T12:45:05","date_gmt":"2017-04-10T12:45:05","guid":{"rendered":"http:\/\/centralmedia.rs\/?p=7525"},"modified":"2017-04-10T12:45:05","modified_gmt":"2017-04-10T12:45:05","slug":"kopernikusu-drugu-godinu-zaredom-sve-pare-iz-medijskog-budzeta-jagodine","status":"publish","type":"post","link":"https:\/\/centralmedia.rs\/index.php\/2017\/04\/10\/kopernikusu-drugu-godinu-zaredom-sve-pare-iz-medijskog-budzeta-jagodine\/","title":{"rendered":"KOPERNIKUSU DRUGU GODINU ZAREDOM SVE PARE IZ MEDIJSKOG BUD\u017dETA JAGODINE"},"content":{"rendered":"<p>JAGODINA-Kopernikus RTV Jagodina drugu godinu zaredom dobija kompletan medijski bud\u017eet od Grada Jagodina. Naime, sav novac namenjen za medijske projekte kojima se ostvaruje javni interes u Jagodini u visini od 6,8 miliona dinara stru\u010dna komisija i rukovodilac projekta namenili su Kopernikusu RTV Jagodina, odnosno za tri medija tog preduze\u0107a radio, televiziju i nedeljnik.<a href=\"https:\/\/centralmedia.rs\/wp-content\/uploads\/2017\/04\/resenje-2.jpg\"><img loading=\"lazy\" decoding=\"async\" class=\"alignleft size-medium wp-image-7528\" src=\"https:\/\/centralmedia.rs\/wp-content\/uploads\/2017\/04\/resenje-2-258x300.jpg\" alt=\"\" width=\"258\" height=\"300\" srcset=\"https:\/\/centralmedia.rs\/wp-content\/uploads\/2017\/04\/resenje-2-258x300.jpg 258w, https:\/\/centralmedia.rs\/wp-content\/uploads\/2017\/04\/resenje-2.jpg 720w\" sizes=\"(max-width: 258px) 100vw, 258px\" \/><\/a> Na konkursu je prijavljeno 14 projekata, tri projekta Kopernikus RTV Jagodina su prihva\u0107eni, dok su ostali projekti odbijeni, jer ,,ne ispunjavaju kriterijume\u201c. Isto se dogodilo i pro\u0161le godine kada je Kopernikus RTV Jagodina dobio 7, 2 miliona dinara za tri projekta.Tada su Novinarska i medijska udru\u017eenja NUNS, NDNV, Lokal pres i ANEM tra\u017eila poni\u0161taj re\u0161enja o dodeli sredstava za sufinansiranje projekata od javnog interesa u oblasti javnog informisanja iz bud\u017eeta grada Jagodine i ponavljanje javnog konkursa.<\/p>\n<p>-Odlu\u010deno je da svih 7.200.000,00 dinara, namenjenih za sufinansiranje medijskih projekata u 2016. godini, dodeli jednom izdava\u010du &#8211; Kopernikus Radio Televiziji Jagodina d.o.o, i to na osnovu pau\u0161alnog i nedovoljno ubedljivog obrazlo\u017eenja. Postupanjem Grada Jagodine, javni interes u oblasti javnog informisanja u Gradu Jagodina do\u017eiveo \u201edvostruki udarac\u201c, a Zakon o javno informisanju je vi\u0161estruko prekr\u0161en i izigran,stoji u saop\u0161tenju novinarskih udru\u017eenja od pro\u0161le godine.\u00a0<a href=\"https:\/\/centralmedia.rs\/wp-content\/uploads\/2017\/04\/resenje-1.jpg\"><img loading=\"lazy\" decoding=\"async\" class=\"alignleft size-medium wp-image-7527\" src=\"https:\/\/centralmedia.rs\/wp-content\/uploads\/2017\/04\/resenje-1-300x217.jpg\" alt=\"\" width=\"300\" height=\"217\" srcset=\"https:\/\/centralmedia.rs\/wp-content\/uploads\/2017\/04\/resenje-1-300x217.jpg 300w, https:\/\/centralmedia.rs\/wp-content\/uploads\/2017\/04\/resenje-1-768x556.jpg 768w, https:\/\/centralmedia.rs\/wp-content\/uploads\/2017\/04\/resenje-1-324x235.jpg 324w, https:\/\/centralmedia.rs\/wp-content\/uploads\/2017\/04\/resenje-1.jpg 924w\" sizes=\"(max-width: 300px) 100vw, 300px\" \/><\/a><\/p>\n<p>-Ovakva odluka, po svemu sude\u0107i, kr\u0161i i jedno od osnovnih na\u010dela Zakona o javnom informisanju i medijima, koje se odnosi na za\u0161titu medijskog pluralizma i zabrani monopola u oblasti javnog informisanja. Ako ve\u0107 zakon propisuje da je, radi omogu\u0107avanja gra\u0111anima da formiraju sopstveno mi\u0161ljenje o pojavama, doga\u0111ajima i li\u010dnostima, neophodno obezbediti raznovrsnost izvora informacija i medijskih sadr\u017eaja, postavlja se pitanje za\u0161to grad Jagodina sufinasira samo jednog izdava\u010da, odnosno samo jedan izvor i, sude\u0107i po nazivu projekata, sa uniformisanim sadr\u017eajima, a samo razli\u010ditom dinamikom njihovog objavljivanja (\u201eJagodina i Pomoravlje iz dana u dan\u201c, odnosno \u201eJagodina i Pomoravlje iz nedelje u nedelju\u201c), ka\u017ee u saop\u0161tenju novinarskih udru\u017eenja od pro\u0161le godine.<\/p>\n<p>-Na kraju, posebno zabrinjava potpuno pau\u0161alno obrazlo\u017eenje re\u0161enja, te pozivanje na \u201emale ciljne grupe koje bi bile obuhva\u0107ene predlo\u017eenim projektima\u201c. Koalicija novinarskih i medijskih udru\u017eenja podse\u0107a da sufinansiranja medijskih projekata upravo treba da bude korektiv komercijalnom finansiranju i njegovoj sveop\u0161toj borbi za rejtinge i tira\u017ee na u\u0161trb pluralizma sad\u017eaja. Va\u017ee\u0107i Pravilnik o sufinansiranju projekata za ostvarivanje javnog interesa u oblasti javnog informisanja zaista pominje ciljne grupe, ali samo u kontekstu stepena uticaja svakog pojedina\u010dnog projekta na kvalitet informisanja ciljne grupe kojoj je namenjen. Pr\u0430v\u043e n\u0430 \u043eb\u0430v\u0435\u0161t\u0435n\u043est je pravo svakog gra\u0111anina, te je svako pozivanje grada Jagodine na pretpostavljenu malobrojnost ciljne grupe kojoj bi neka informacija bila namenjena, kao kriterijum da se ne dodele sredstava na konkursima za sufinansiranje medijskih projekata, diskriminatorski i apsolutno neprihvatljiv, nagla\u0161ava se u saop\u0161tenju novinarskih udru\u017eenja od pro\u0161le godine.<\/p>\n<p>-Koalicija skre\u0107e pa\u017enju javnosti da konkurs u Gradu Jagodini predstavlja potvrdu nastavka negativne prakse \u201ekupovine medijskog uticaja\u201c zloupotrebom insituta sufinansiranja projekata i zapravo se radi samo o nastavku direktnog finansiranja kroz drugu formu, \u0161to je suprotno i zakonu i duhu medijske reforme.<\/p>\n<p>Imaju\u0107i sve to u vidu, Koalicija apeluje na nadle\u017ene u Gradu Jagodini da poni\u0161ti sporno re\u0161enje, i raspi\u0161u i sprovedu novi konkurs, koji \u0107e biti u potpunosti u skladu sa odredbama zakona, zaklju\u010duje se na kraju pro\u0161logodi\u0161njeg saop\u0161tenja \u00a0NUNS, NDNV, Lokal pres i ANEM.<\/p>\n<p>NE SAMO DA SE GRADSKI \u010cELNICI NISU ODAZVALI APELU NOVINARSKIH UDRU\u017dENJA, VE\u0106 SU OTI\u0160LI KORAK DALJE I PONOVILI ISTU STVAR, KOLIKO DA POKA\u017dU MO\u0106.<\/p>\n<p>&nbsp;<\/p>\n<p>&nbsp;<\/p>\n","protected":false},"excerpt":{"rendered":"<p>JAGODINA-Kopernikus RTV Jagodina drugu godinu zaredom dobija kompletan medijski bud\u017eet od Grada Jagodina. Naime, sav novac namenjen za medijske projekte kojima se ostvaruje javni interes &hellip; <\/p>\n","protected":false},"author":4,"featured_media":7526,"comment_status":"open","ping_status":"open","sticky":false,"template":"","format":"standard","meta":{"footnotes":""},"categories":[1524,2,1514],"tags":[58,1826,1825],"_links":{"self":[{"href":"https:\/\/centralmedia.rs\/index.php\/wp-json\/wp\/v2\/posts\/7525"}],"collection":[{"href":"https:\/\/centralmedia.rs\/index.php\/wp-json\/wp\/v2\/posts"}],"about":[{"href":"https:\/\/centralmedia.rs\/index.php\/wp-json\/wp\/v2\/types\/post"}],"author":[{"embeddable":true,"href":"https:\/\/centralmedia.rs\/index.php\/wp-json\/wp\/v2\/users\/4"}],"replies":[{"embeddable":true,"href":"https:\/\/centralmedia.rs\/index.php\/wp-json\/wp\/v2\/comments?post=7525"}],"version-history":[{"count":0,"href":"https:\/\/centralmedia.rs\/index.php\/wp-json\/wp\/v2\/posts\/7525\/revisions"}],"wp:featuredmedia":[{"embeddable":true,"href":"https:\/\/centralmedia.rs\/index.php\/wp-json\/wp\/v2\/media\/7526"}],"wp:attachment":[{"href":"https:\/\/centralmedia.rs\/index.php\/wp-json\/wp\/v2\/media?parent=7525"}],"wp:term":[{"taxonomy":"category","embeddable":true,"href":"https:\/\/centralmedia.rs\/index.php\/wp-json\/wp\/v2\/categories?post=7525"},{"taxonomy":"post_tag","embeddable":true,"href":"https:\/\/centralmedia.rs\/index.php\/wp-json\/wp\/v2\/tags?post=7525"}],"curies":[{"name":"wp","href":"https:\/\/api.w.org\/{rel}","templated":true}]}}