{"id":7530,"date":"2017-04-10T12:53:42","date_gmt":"2017-04-10T12:53:42","guid":{"rendered":"http:\/\/centralmedia.rs\/?p=7530"},"modified":"2017-04-10T12:53:42","modified_gmt":"2017-04-10T12:53:42","slug":"izborna-iznenadjenja-u-pomoravlju-vucic-slabiji-od-ocekivanog-u-jagodini-beli-samarao-politicare","status":"publish","type":"post","link":"https:\/\/centralmedia.rs\/index.php\/2017\/04\/10\/izborna-iznenadjenja-u-pomoravlju-vucic-slabiji-od-ocekivanog-u-jagodini-beli-samarao-politicare\/","title":{"rendered":"IZBORNA IZNENA\u0110ENJA U POMORAVLJU &#8211; VU\u010cI\u0106 SLABIJI OD O\u010cEKIVANOG U JAGODINI, BELI ,,\u0160AMARAO&#8221; POLITI\u010cARE"},"content":{"rendered":"<p>SVILAJNAC-Uz iznena\u0111uju\u0107e niski procenat podr\u0161ke za Aleksandra Vu\u010di\u0107a u Jagodinu od 57 odsto, \u0161to je u odnosu na ostatak Pomoravlja za pribli\u017eno desetak odsto manje nego u drugim op\u0161tinama, jer se smatralo da \u0107e AV u Jagodini dobiti bar 70 odsto ra\u010dunaju\u0107i pro\u0161logodi\u0161nje rezultate sa parlamentarih izbora, veliko iznena\u0111enje je odli\u010dan rezultat Luke Maksimovi\u0107a &#8211; Ljubi\u0161e Belog Preleta\u010devi\u0107a. Ono \u0161to je bilo o\u010dekivano, slabiji rezultat AV u Jagodini niko iz koalicije na vlasti nije komentarisao, svima je sve bilo jasno jer su ,,ne\u010diji&#8221; glasa\u010di podbacili, a iz izbornog \u0161taba za Pomoravlje Ljubi\u0161e Belog Preleta\u010devi\u0107a isti\u010du da su prezadovoljni rezultatom na predsedni\u010dkim izborima, jer je u tom delu Srbije osvojeno preko 10 odsto glasova.<a href=\"https:\/\/centralmedia.rs\/wp-content\/uploads\/2017\/04\/fila-1.jpg\"><img loading=\"lazy\" decoding=\"async\" class=\"alignright size-medium wp-image-7532\" src=\"https:\/\/centralmedia.rs\/wp-content\/uploads\/2017\/04\/fila-1-300x219.jpg\" alt=\"\" width=\"300\" height=\"219\" srcset=\"https:\/\/centralmedia.rs\/wp-content\/uploads\/2017\/04\/fila-1-300x219.jpg 300w, https:\/\/centralmedia.rs\/wp-content\/uploads\/2017\/04\/fila-1-768x560.jpg 768w, https:\/\/centralmedia.rs\/wp-content\/uploads\/2017\/04\/fila-1-324x235.jpg 324w, https:\/\/centralmedia.rs\/wp-content\/uploads\/2017\/04\/fila-1.jpg 960w\" sizes=\"(max-width: 300px) 100vw, 300px\" \/><\/a><\/p>\n<p>-Lupili smo ,,\u0161amar\u201d politi\u010darima. Nezadovoljni situacijom u Srbiji politi\u010dkom, materijalnom, blokadom medija, strana\u010dkim zapo\u0161ljavanjem&#8230;borili smo se parodijom i smehom. Poslali smo poruku svima kako u Srbiji tako i u svetu da ne\u0161to ozbiljno nije u redu sa na\u0161om dr\u017eavom kad je ovoliko ljudi glasalo za izmi\u0161ljenog lika- Belog, rekao je Sr\u0111an Filipovi\u0107 Fila, koji je bio na \u010delu pomoravskog Izornog \u0161taba tog kandidata. On se predhodno odrekao predsedni\u010dke kandidature u korist Belog.<\/p>\n<p>Beli Preleta\u010devi\u0107 je osvojio drugo mesto u Svilajncu i Rekovcu, skoro isti broj glasova u Jagodini sa drugopasliranim S.J., a u ostalim op\u0161tinama bio je tre\u0107i. \u00a0\u00a0<a href=\"https:\/\/centralmedia.rs\/wp-content\/uploads\/2017\/04\/fila-2.jpg\"><img loading=\"lazy\" decoding=\"async\" class=\"alignright size-medium wp-image-7533\" src=\"https:\/\/centralmedia.rs\/wp-content\/uploads\/2017\/04\/fila-2-300x199.jpg\" alt=\"\" width=\"300\" height=\"199\" srcset=\"https:\/\/centralmedia.rs\/wp-content\/uploads\/2017\/04\/fila-2-300x199.jpg 300w, https:\/\/centralmedia.rs\/wp-content\/uploads\/2017\/04\/fila-2.jpg 720w\" sizes=\"(max-width: 300px) 100vw, 300px\" \/><\/a><\/p>\n<p>-Prezadovoljan sam rezultatom u Pomoravlju, u svom Svilajncu, kao i Rekovcu. Hvala svima koji su na ovaj na\u010din izrazili bunt prema diktaturi vlasti i medijskoj blokadi. Veliku podr\u0161ku imao sam i od svojih ljudi iz dijaspore koji su napustili Srbiju i zato i njima jedno veliko hvala na podr\u0161ci, nastavlja Filipovi\u0107.<\/p>\n<p>-Rezultat u Pomoravlju je preko 10 odsto i sa tim sam prezadovoljan, i ja i moja ekipa mladih ljudi koji su zabrinuti za svoju budu\u0107nost. Nikoga nismo primoravali. Nismo nikome nista obe\u0107avali, a postigli smo ovakav rezultat. Ljudi su se sami javljali i pitali kako da pomognu na\u0161 pokret. Svima se svidela na\u0161a pozitivna i iskrena energija, dodaje Filipovi\u0107.<\/p>\n<p>-Nisam politi\u010dar. Niti je bilo ko u na\u0161oj mladoj ekipi. Niti smo bili stranka, niti smo o\u010dekivali ovoliko dobar rezultat. \u017dao mi je slabe izlaznosti. Mislim da se moglo ne\u0161to promeniti da je bilo ve\u0107e izlaznosti. Nadam se da \u0107e u budu\u0107nosti ljudi shvatiti da treba ustati i re\u0107i ,,NE\u201d medijskoj blokadi i diktaturi vlasti, zaklju\u010dio je Filipovi\u0107<\/p>\n<p>&nbsp;<\/p>\n","protected":false},"excerpt":{"rendered":"<p>SVILAJNAC-Uz iznena\u0111uju\u0107e niski procenat podr\u0161ke za Aleksandra Vu\u010di\u0107a u Jagodinu od 57 odsto, \u0161to je u odnosu na ostatak Pomoravlja za pribli\u017eno desetak odsto manje &hellip; <\/p>\n","protected":false},"author":4,"featured_media":7531,"comment_status":"open","ping_status":"open","sticky":false,"template":"","format":"standard","meta":{"footnotes":""},"categories":[1524,2,1514,13,887,12,1517],"tags":[1274,1827,1723,1555,58,38],"_links":{"self":[{"href":"https:\/\/centralmedia.rs\/index.php\/wp-json\/wp\/v2\/posts\/7530"}],"collection":[{"href":"https:\/\/centralmedia.rs\/index.php\/wp-json\/wp\/v2\/posts"}],"about":[{"href":"https:\/\/centralmedia.rs\/index.php\/wp-json\/wp\/v2\/types\/post"}],"author":[{"embeddable":true,"href":"https:\/\/centralmedia.rs\/index.php\/wp-json\/wp\/v2\/users\/4"}],"replies":[{"embeddable":true,"href":"https:\/\/centralmedia.rs\/index.php\/wp-json\/wp\/v2\/comments?post=7530"}],"version-history":[{"count":0,"href":"https:\/\/centralmedia.rs\/index.php\/wp-json\/wp\/v2\/posts\/7530\/revisions"}],"wp:featuredmedia":[{"embeddable":true,"href":"https:\/\/centralmedia.rs\/index.php\/wp-json\/wp\/v2\/media\/7531"}],"wp:attachment":[{"href":"https:\/\/centralmedia.rs\/index.php\/wp-json\/wp\/v2\/media?parent=7530"}],"wp:term":[{"taxonomy":"category","embeddable":true,"href":"https:\/\/centralmedia.rs\/index.php\/wp-json\/wp\/v2\/categories?post=7530"},{"taxonomy":"post_tag","embeddable":true,"href":"https:\/\/centralmedia.rs\/index.php\/wp-json\/wp\/v2\/tags?post=7530"}],"curies":[{"name":"wp","href":"https:\/\/api.w.org\/{rel}","templated":true}]}}