{"id":7542,"date":"2017-04-12T13:05:46","date_gmt":"2017-04-12T13:05:46","guid":{"rendered":"http:\/\/centralmedia.rs\/?p=7542"},"modified":"2017-04-12T13:05:46","modified_gmt":"2017-04-12T13:05:46","slug":"protest-bivsih-radnika-fabrike-kablova-zahtevaju-od-drzave-isplatu-dugova","status":"publish","type":"post","link":"https:\/\/centralmedia.rs\/index.php\/2017\/04\/12\/protest-bivsih-radnika-fabrike-kablova-zahtevaju-od-drzave-isplatu-dugova\/","title":{"rendered":"PROTEST BIV\u0160IH RADNIKA FABRIKE KABLOVA &#8211; ZAHTEVAJU OD DR\u017dAVE ISPLATU DUGOVA"},"content":{"rendered":"<p>JAGODINA-Biv\u0161i radnici Fabrike kablova iz Jagodina danas su devet put protestvovali ispred zgrade Pomoravskog okruga zahtevaju\u0107i da im dr\u017eava, kao ve\u0107inski vlasnik tog preduze\u0107a, isplati sva zaostala dugovanja,te smeni aktuelni menad\u017ement i rukovodstvo sindikata, kojima je istekao mandat. \u00a0<a href=\"https:\/\/centralmedia.rs\/wp-content\/uploads\/2017\/04\/protest-3-jagodina.jpg\"><img loading=\"lazy\" decoding=\"async\" class=\"alignleft size-medium wp-image-7544\" src=\"https:\/\/centralmedia.rs\/wp-content\/uploads\/2017\/04\/protest-3-jagodina-300x225.jpg\" alt=\"\" width=\"300\" height=\"225\" srcset=\"https:\/\/centralmedia.rs\/wp-content\/uploads\/2017\/04\/protest-3-jagodina-300x225.jpg 300w, https:\/\/centralmedia.rs\/wp-content\/uploads\/2017\/04\/protest-3-jagodina-768x576.jpg 768w, https:\/\/centralmedia.rs\/wp-content\/uploads\/2017\/04\/protest-3-jagodina-80x60.jpg 80w, https:\/\/centralmedia.rs\/wp-content\/uploads\/2017\/04\/protest-3-jagodina-265x198.jpg 265w, https:\/\/centralmedia.rs\/wp-content\/uploads\/2017\/04\/protest-3-jagodina.jpg 900w\" sizes=\"(max-width: 300px) 100vw, 300px\" \/><\/a><\/p>\n<p>&#8211; Na\u0161 vlasnik je dr\u017eava, a na\u0161i zahtevi su povezivanje radnog sta\u017ea za \u010detiri godine, kao i isplata tri zaostale zarade, putnih tro\u0161kova, svih dugova prema radnicima, jubilarne nagrade, granske cena rada i otpremnine za odlazak u penziju. \u00a0Tra\u017eili smo od dr\u017eave 20.000 dinara interventne pomo\u0107i da se prehranimo. Na\u0161 \u00a0premijer luta i daje ,,Go\u0161i\u201d 60.000 dinara po radniku. Neki su ranije sekli prste, njihov radnik se obesio, pa ako ima dobrovoljaca me\u0111u nama mo\u017eda \u0107emo i mi ne\u0161to da ostvarimo, poru\u010dio je jedan od organizatora protestnog skupa Dragan Milanovi\u0107.<a href=\"https:\/\/centralmedia.rs\/wp-content\/uploads\/2017\/04\/protest-jagodina.jpg\"><img loading=\"lazy\" decoding=\"async\" class=\"alignright size-medium wp-image-7545\" src=\"https:\/\/centralmedia.rs\/wp-content\/uploads\/2017\/04\/protest-jagodina-300x225.jpg\" alt=\"\" width=\"300\" height=\"225\" srcset=\"https:\/\/centralmedia.rs\/wp-content\/uploads\/2017\/04\/protest-jagodina-300x225.jpg 300w, https:\/\/centralmedia.rs\/wp-content\/uploads\/2017\/04\/protest-jagodina-768x576.jpg 768w, https:\/\/centralmedia.rs\/wp-content\/uploads\/2017\/04\/protest-jagodina-80x60.jpg 80w, https:\/\/centralmedia.rs\/wp-content\/uploads\/2017\/04\/protest-jagodina-265x198.jpg 265w, https:\/\/centralmedia.rs\/wp-content\/uploads\/2017\/04\/protest-jagodina.jpg 900w\" sizes=\"(max-width: 300px) 100vw, 300px\" \/><\/a><\/p>\n<p>On je dodao da je \u010dlanovima radni\u010dkog protesta ministar Goran Kne\u017eevi\u0107 na sastanku rekao da ne poznaje direktora tog preduze\u0107a Ratka Vu\u010durovi\u0107a.<\/p>\n<p>-U Srbiji je dvadesetak firmi u restrukturiranju, ako ministar ne zna ko je direktor u Jagodini onda on lo\u0161e radi svoj posao. Inspekcija rada na sve prijave sindikata zbog neispla\u0107ivanja zarada, neupla\u0107ivanja radnog sta\u017ea, nepla\u0107anja putnih tro\u0161kova, gde su kazne jako visoke, nije procesuirala direktora Vu\u010durovi\u0107a, te on nije platio ni dinara kazne. Zakon o radu ni minimalno ne funkcioni\u0161e u Jagodini, istakao je on.<\/p>\n<p>Slu\u010daj Fabrika kablova iz Jagodine je od maja pro\u0161le godine u Privrednom sudu u Kragujevcu koji vaga o dve mogu\u0107nosti ste\u010daja, progla\u0161enju bankrota ili \u00a0Unapred pripremljenom programu reorganizacije \u2013 UPPR. Fabrika kablova duguje preko 100 miliona evra dr\u017eavi i radnicima.<\/p>\n","protected":false},"excerpt":{"rendered":"<p>JAGODINA-Biv\u0161i radnici Fabrike kablova iz Jagodina danas su devet put protestvovali ispred zgrade Pomoravskog okruga zahtevaju\u0107i da im dr\u017eava, kao ve\u0107inski vlasnik tog preduze\u0107a, isplati &hellip; <\/p>\n","protected":false},"author":4,"featured_media":7543,"comment_status":"open","ping_status":"open","sticky":false,"template":"","format":"standard","meta":{"footnotes":""},"categories":[22,1524,2,1514],"tags":[1689,368,58,523],"_links":{"self":[{"href":"https:\/\/centralmedia.rs\/index.php\/wp-json\/wp\/v2\/posts\/7542"}],"collection":[{"href":"https:\/\/centralmedia.rs\/index.php\/wp-json\/wp\/v2\/posts"}],"about":[{"href":"https:\/\/centralmedia.rs\/index.php\/wp-json\/wp\/v2\/types\/post"}],"author":[{"embeddable":true,"href":"https:\/\/centralmedia.rs\/index.php\/wp-json\/wp\/v2\/users\/4"}],"replies":[{"embeddable":true,"href":"https:\/\/centralmedia.rs\/index.php\/wp-json\/wp\/v2\/comments?post=7542"}],"version-history":[{"count":0,"href":"https:\/\/centralmedia.rs\/index.php\/wp-json\/wp\/v2\/posts\/7542\/revisions"}],"wp:featuredmedia":[{"embeddable":true,"href":"https:\/\/centralmedia.rs\/index.php\/wp-json\/wp\/v2\/media\/7543"}],"wp:attachment":[{"href":"https:\/\/centralmedia.rs\/index.php\/wp-json\/wp\/v2\/media?parent=7542"}],"wp:term":[{"taxonomy":"category","embeddable":true,"href":"https:\/\/centralmedia.rs\/index.php\/wp-json\/wp\/v2\/categories?post=7542"},{"taxonomy":"post_tag","embeddable":true,"href":"https:\/\/centralmedia.rs\/index.php\/wp-json\/wp\/v2\/tags?post=7542"}],"curies":[{"name":"wp","href":"https:\/\/api.w.org\/{rel}","templated":true}]}}