{"id":7568,"date":"2017-04-13T20:53:40","date_gmt":"2017-04-13T20:53:40","guid":{"rendered":"http:\/\/centralmedia.rs\/?p=7568"},"modified":"2017-04-13T20:53:40","modified_gmt":"2017-04-13T20:53:40","slug":"srbija-dobija-2018-godine-nacionalni-park-kucaj-beljanica-u-despotovcu","status":"publish","type":"post","link":"https:\/\/centralmedia.rs\/index.php\/2017\/04\/13\/srbija-dobija-2018-godine-nacionalni-park-kucaj-beljanica-u-despotovcu\/","title":{"rendered":"SRBIJA DOBIJA 2018 GODINE NACIONALNI PARK ,,KU\u010cAJ-BELJANICA&#8221; U DESPOTOVCU"},"content":{"rendered":"<p>DESPOTOVAC-Centralna ceremonija obele\u017eavanja Dana za\u0161tite prirode Srbije obavljena je u \u201eKoncertnoj dvorani\u201c u Resavskoj pe\u0107ini. Tom prilikom, pomo\u0107nik ministra Slobodan Erdeljan ukazao je na zna\u010daj za\u0161tite prirode i saop\u0161tio da \u0107e naredne, 2018. godine biti progla\u0161en Nacionalni park \u201eKu\u010daj &#8211; Beljanica\u201c \u010dije \u0107e sedi\u0161te biti na teritoriji op\u0161tine Despotovac. <a href=\"https:\/\/centralmedia.rs\/wp-content\/uploads\/2017\/04\/image-0-02-05-095d9a0301ed8e5ac55be2c3890cf1f58bccb94ff30afe83793d34174aa52f0d-V.jpg\"><img loading=\"lazy\" decoding=\"async\" class=\"alignright size-medium wp-image-7570\" src=\"https:\/\/centralmedia.rs\/wp-content\/uploads\/2017\/04\/image-0-02-05-095d9a0301ed8e5ac55be2c3890cf1f58bccb94ff30afe83793d34174aa52f0d-V-300x225.jpg\" alt=\"\" width=\"300\" height=\"225\" srcset=\"https:\/\/centralmedia.rs\/wp-content\/uploads\/2017\/04\/image-0-02-05-095d9a0301ed8e5ac55be2c3890cf1f58bccb94ff30afe83793d34174aa52f0d-V-300x225.jpg 300w, https:\/\/centralmedia.rs\/wp-content\/uploads\/2017\/04\/image-0-02-05-095d9a0301ed8e5ac55be2c3890cf1f58bccb94ff30afe83793d34174aa52f0d-V-768x576.jpg 768w, https:\/\/centralmedia.rs\/wp-content\/uploads\/2017\/04\/image-0-02-05-095d9a0301ed8e5ac55be2c3890cf1f58bccb94ff30afe83793d34174aa52f0d-V-1024x768.jpg 1024w, https:\/\/centralmedia.rs\/wp-content\/uploads\/2017\/04\/image-0-02-05-095d9a0301ed8e5ac55be2c3890cf1f58bccb94ff30afe83793d34174aa52f0d-V-80x60.jpg 80w, https:\/\/centralmedia.rs\/wp-content\/uploads\/2017\/04\/image-0-02-05-095d9a0301ed8e5ac55be2c3890cf1f58bccb94ff30afe83793d34174aa52f0d-V-265x198.jpg 265w, https:\/\/centralmedia.rs\/wp-content\/uploads\/2017\/04\/image-0-02-05-095d9a0301ed8e5ac55be2c3890cf1f58bccb94ff30afe83793d34174aa52f0d-V.jpg 1280w\" sizes=\"(max-width: 300px) 100vw, 300px\" \/><\/a>Predsednik op\u0161tine Despotovac Nikola Nikoli\u0107 u svom obra\u0107anju zahvalio se Ministarstvu poljoprivrede i za\u0161tite \u017eivotne sredine na saradnji i sredstvima koja izdvaja za za\u0161ti\u0107ena podru\u010dja \u201eResavska pe\u0107ina\u201c i \u201eLisine\u201c. Direktor JP \u201eResavska pe\u0107ina\u201c Milica Petrovi\u0107 odr\u017eala je prezentaciju za\u0161ti\u0107enih podru\u010dja kojima ovo preduze\u0107e upravlja i podsetila sve prisutne da svi zajedno imaji isti cilj, a to je za\u0161tita i o\u010duvanje prirodnog nasle\u0111a kako bi se isto sa\u010duvalo za budu\u0107e generacije.<\/p>\n<p>JP \u201eResavska pe\u0107ina\u201c iz Despotovca, kao upravlja\u010d Spomenicima prirode \u201eResavska pe\u0107ina\u201c i \u201eLisine\u201c, u saradnji sa Ministarstvom poljoprivrede i za\u0161tite \u017eivotne sredine i op\u0161tinom Despotovac obele\u017eilo je 11. aprila 2017. godine Dan za\u0161tite prirode Srbije. <a href=\"https:\/\/centralmedia.rs\/wp-content\/uploads\/2017\/04\/FB_IMG_1491981167329.jpg\"><img loading=\"lazy\" decoding=\"async\" class=\"alignright size-medium wp-image-7571\" src=\"https:\/\/centralmedia.rs\/wp-content\/uploads\/2017\/04\/FB_IMG_1491981167329-300x182.jpg\" alt=\"\" width=\"300\" height=\"182\" srcset=\"https:\/\/centralmedia.rs\/wp-content\/uploads\/2017\/04\/FB_IMG_1491981167329-300x182.jpg 300w, https:\/\/centralmedia.rs\/wp-content\/uploads\/2017\/04\/FB_IMG_1491981167329-768x466.jpg 768w, https:\/\/centralmedia.rs\/wp-content\/uploads\/2017\/04\/FB_IMG_1491981167329.jpg 1024w\" sizes=\"(max-width: 300px) 100vw, 300px\" \/><\/a>Obele\u017eavanju Dana za\u0161tite prirode prisustvovali su predstavnici Ministarstva poljoprivrede i za\u0161tite \u017eivotne sredine, op\u0161tine Despotovac, kao i upravlja\u010di Nacionalnih parkova i za\u0161ti\u0107enih podru\u010dja: Nacionalni park \u201eTara\u201c, Nacionalni park \u201e\u0110erdap\u201c, Specijalni rezervati prirode \u201eUvac\u201c i \u201eZasavica\u201c, Park prirode \u201eMokra gora\u201c, JP \u201eSrbija\u0161ume\u201c i Zavoda za za\u0161titu prirode Srbije. U\u010de\u0161\u0107e u obele\u017eavanju uzela je i Osnovna \u0161kola \u201eStevan Nemanja\u201c iz Stenjevca gde su deca 5. razreda imala prilike da se upoznaju sa za\u0161ti\u0107enim podru\u010djima i na\u010dinom o\u010duvanja i za\u0161tite istih.<a href=\"https:\/\/centralmedia.rs\/wp-content\/uploads\/2017\/04\/image-0-02-05-880f7451252bb86258a1c5ca61f825ee04525397a5f77b74d079bc2a216bd6e3-V.jpg\"><img loading=\"lazy\" decoding=\"async\" class=\"alignleft size-medium wp-image-7572\" src=\"https:\/\/centralmedia.rs\/wp-content\/uploads\/2017\/04\/image-0-02-05-880f7451252bb86258a1c5ca61f825ee04525397a5f77b74d079bc2a216bd6e3-V-300x225.jpg\" alt=\"\" width=\"300\" height=\"225\" srcset=\"https:\/\/centralmedia.rs\/wp-content\/uploads\/2017\/04\/image-0-02-05-880f7451252bb86258a1c5ca61f825ee04525397a5f77b74d079bc2a216bd6e3-V-300x225.jpg 300w, https:\/\/centralmedia.rs\/wp-content\/uploads\/2017\/04\/image-0-02-05-880f7451252bb86258a1c5ca61f825ee04525397a5f77b74d079bc2a216bd6e3-V-768x576.jpg 768w, https:\/\/centralmedia.rs\/wp-content\/uploads\/2017\/04\/image-0-02-05-880f7451252bb86258a1c5ca61f825ee04525397a5f77b74d079bc2a216bd6e3-V-1024x768.jpg 1024w, https:\/\/centralmedia.rs\/wp-content\/uploads\/2017\/04\/image-0-02-05-880f7451252bb86258a1c5ca61f825ee04525397a5f77b74d079bc2a216bd6e3-V-80x60.jpg 80w, https:\/\/centralmedia.rs\/wp-content\/uploads\/2017\/04\/image-0-02-05-880f7451252bb86258a1c5ca61f825ee04525397a5f77b74d079bc2a216bd6e3-V-265x198.jpg 265w, https:\/\/centralmedia.rs\/wp-content\/uploads\/2017\/04\/image-0-02-05-880f7451252bb86258a1c5ca61f825ee04525397a5f77b74d079bc2a216bd6e3-V.jpg 1280w\" sizes=\"(max-width: 300px) 100vw, 300px\" \/><\/a><\/p>\n<p>Dan za\u0161tite prirode Srbije, koji se obele\u017eava osmi put, otvorila je direktor JP \u201eResavska pe\u0107ina\u201c Milica Petrovi\u0107, a prisutnima su se obratili i pomo\u0107nik ministra u Ministarstvu poljoprivrede i za\u0161tite \u017eivotne sredine Slobodan Erdeljan i predsednik op\u0161tine Despotovac Nikola Nikoli\u0107.<\/p>\n<p>Nakon centralne ceremonije, svi prisutni su obi\u0161li Resavsku pe\u0107inu nakon \u010dega su se uputili prema Spomeniku prirode \u201eLisine\u201c. Na za\u0161ti\u0107enom podru\u010dju Spomenika prirode \u201eLisine\u201c obi\u0161li su izvor \u201eVeliko vrelo\u201c i vodopad \u201eVeliki buk\u201c<\/p>\n","protected":false},"excerpt":{"rendered":"<p>DESPOTOVAC-Centralna ceremonija obele\u017eavanja Dana za\u0161tite prirode Srbije obavljena je u \u201eKoncertnoj dvorani\u201c u Resavskoj pe\u0107ini. Tom prilikom, pomo\u0107nik ministra Slobodan Erdeljan ukazao je na zna\u010daj &hellip; <\/p>\n","protected":false},"author":4,"featured_media":7569,"comment_status":"open","ping_status":"open","sticky":false,"template":"","format":"standard","meta":{"footnotes":""},"categories":[1518,1524,2],"tags":[51,1832,1831],"_links":{"self":[{"href":"https:\/\/centralmedia.rs\/index.php\/wp-json\/wp\/v2\/posts\/7568"}],"collection":[{"href":"https:\/\/centralmedia.rs\/index.php\/wp-json\/wp\/v2\/posts"}],"about":[{"href":"https:\/\/centralmedia.rs\/index.php\/wp-json\/wp\/v2\/types\/post"}],"author":[{"embeddable":true,"href":"https:\/\/centralmedia.rs\/index.php\/wp-json\/wp\/v2\/users\/4"}],"replies":[{"embeddable":true,"href":"https:\/\/centralmedia.rs\/index.php\/wp-json\/wp\/v2\/comments?post=7568"}],"version-history":[{"count":0,"href":"https:\/\/centralmedia.rs\/index.php\/wp-json\/wp\/v2\/posts\/7568\/revisions"}],"wp:featuredmedia":[{"embeddable":true,"href":"https:\/\/centralmedia.rs\/index.php\/wp-json\/wp\/v2\/media\/7569"}],"wp:attachment":[{"href":"https:\/\/centralmedia.rs\/index.php\/wp-json\/wp\/v2\/media?parent=7568"}],"wp:term":[{"taxonomy":"category","embeddable":true,"href":"https:\/\/centralmedia.rs\/index.php\/wp-json\/wp\/v2\/categories?post=7568"},{"taxonomy":"post_tag","embeddable":true,"href":"https:\/\/centralmedia.rs\/index.php\/wp-json\/wp\/v2\/tags?post=7568"}],"curies":[{"name":"wp","href":"https:\/\/api.w.org\/{rel}","templated":true}]}}