{"id":7576,"date":"2017-04-15T12:28:50","date_gmt":"2017-04-15T12:28:50","guid":{"rendered":"http:\/\/centralmedia.rs\/?p=7576"},"modified":"2017-04-15T19:06:02","modified_gmt":"2017-04-15T19:06:02","slug":"trazili-skriveno-jaje-sakupljali-cepove","status":"publish","type":"post","link":"https:\/\/centralmedia.rs\/index.php\/2017\/04\/15\/trazili-skriveno-jaje-sakupljali-cepove\/","title":{"rendered":"TRA\u017dILI SKRIVENO JAJE I SAKUPLJALI \u010cEPOVE"},"content":{"rendered":"<p>SVILAJNAC-U sustret Uskr\u0161njim praznicim Volonterska organizacija Svilajnac organizovala je danas tradicionalnu manifestaciju &#8220;U parku se sna\u0111i jaje prona\u0111i&#8221;. Re\u010d je o takmi\u010denju u pronala\u017eenju Uskr\u0161njih jaja. <a href=\"https:\/\/centralmedia.rs\/wp-content\/uploads\/2017\/04\/cep.jpg\"><img loading=\"lazy\" decoding=\"async\" class=\"alignright size-medium wp-image-7578\" src=\"https:\/\/centralmedia.rs\/wp-content\/uploads\/2017\/04\/cep-200x300.jpg\" alt=\"\" width=\"200\" height=\"300\" srcset=\"https:\/\/centralmedia.rs\/wp-content\/uploads\/2017\/04\/cep-200x300.jpg 200w, https:\/\/centralmedia.rs\/wp-content\/uploads\/2017\/04\/cep.jpg 640w\" sizes=\"(max-width: 200px) 100vw, 200px\" \/><\/a>Pored toga organizovana je \u00a0humanitarna akcija pod nazivom &#8220;Doniraj \u010dep da \u017eivot bude lep!&#8221;. Akcija prikupljanja plasti\u010dnih \u010depova u humanitarne svrhe u Svilajncu je izazvala veliko interesovanje gra\u0111ana i lokalnih\u00a0 institucija. Prikupljani su plasti\u010dni zatvara\u010di koje su Svilajn\u010dani, lokalne institucije i organizacije u proteklom periodu sakupljali. \u0160tand na Trgu Stevana Sin\u0111eli\u0107a bio je prepun dece i donatora koji su prilo\u017eili preko 200 kg plasti\u010dne ambala\u017ee. Celokupna zarada od prodaje \u010dvrste plastike bi\u0107e upotrebljena za le\u010denje dvogodi\u0161njeg Du\u0161ana Todorovi\u0107a.<\/p>\n","protected":false},"excerpt":{"rendered":"<p>SVILAJNAC-U sustret Uskr\u0161njim praznicim Volonterska organizacija Svilajnac organizovala je danas tradicionalnu manifestaciju &#8220;U parku se sna\u0111i jaje prona\u0111i&#8221;. Re\u010d je o takmi\u010denju u pronala\u017eenju Uskr\u0161njih &hellip; <\/p>\n","protected":false},"author":4,"featured_media":7577,"comment_status":"open","ping_status":"open","sticky":false,"template":"","format":"standard","meta":{"footnotes":""},"categories":[1524,2,887,1517],"tags":[1731,1834,38,1833,1020],"_links":{"self":[{"href":"https:\/\/centralmedia.rs\/index.php\/wp-json\/wp\/v2\/posts\/7576"}],"collection":[{"href":"https:\/\/centralmedia.rs\/index.php\/wp-json\/wp\/v2\/posts"}],"about":[{"href":"https:\/\/centralmedia.rs\/index.php\/wp-json\/wp\/v2\/types\/post"}],"author":[{"embeddable":true,"href":"https:\/\/centralmedia.rs\/index.php\/wp-json\/wp\/v2\/users\/4"}],"replies":[{"embeddable":true,"href":"https:\/\/centralmedia.rs\/index.php\/wp-json\/wp\/v2\/comments?post=7576"}],"version-history":[{"count":0,"href":"https:\/\/centralmedia.rs\/index.php\/wp-json\/wp\/v2\/posts\/7576\/revisions"}],"wp:featuredmedia":[{"embeddable":true,"href":"https:\/\/centralmedia.rs\/index.php\/wp-json\/wp\/v2\/media\/7577"}],"wp:attachment":[{"href":"https:\/\/centralmedia.rs\/index.php\/wp-json\/wp\/v2\/media?parent=7576"}],"wp:term":[{"taxonomy":"category","embeddable":true,"href":"https:\/\/centralmedia.rs\/index.php\/wp-json\/wp\/v2\/categories?post=7576"},{"taxonomy":"post_tag","embeddable":true,"href":"https:\/\/centralmedia.rs\/index.php\/wp-json\/wp\/v2\/tags?post=7576"}],"curies":[{"name":"wp","href":"https:\/\/api.w.org\/{rel}","templated":true}]}}