{"id":7581,"date":"2017-04-15T12:32:37","date_gmt":"2017-04-15T12:32:37","guid":{"rendered":"http:\/\/centralmedia.rs\/?p=7581"},"modified":"2017-04-15T12:32:37","modified_gmt":"2017-04-15T12:32:37","slug":"paracin-podelio-120-paketica-vaskrsnji-prijem-za-decu","status":"publish","type":"post","link":"https:\/\/centralmedia.rs\/index.php\/2017\/04\/15\/paracin-podelio-120-paketica-vaskrsnji-prijem-za-decu\/","title":{"rendered":"PARA\u0106IN PODELIO 120 PAKETI\u0106A &#8211; VASKR\u0160NJI PRIJEM ZA DECU"},"content":{"rendered":"<p>PARA\u0106IN-U organizaciji SO Para\u0107in danas je organizovan Vaskr\u0161nji prijem za decu sa posebnim potrebama i decu bez roditeljskog staranja na kome je podeljeno 120 paketi\u0107a sa slatki\u0161ima i igra\u010dkama. Za mali\u0161ane je organizovan prijem u lokalnom\u00a0 hotelu, a cilj doga\u0111aja je da ugro\u017eena \u00a0deca budu u sredi\u0161tu pa\u017enje zajednice.<\/p>\n<div id='gallery-1' class='gallery galleryid-7581 gallery-columns-3 gallery-size-full'><figure class='gallery-item'>\n\t\t\t<div class='gallery-icon portrait'>\n\t\t\t\t<a href='https:\/\/centralmedia.rs\/index.php\/2017\/04\/15\/paracin-podelio-120-paketica-vaskrsnji-prijem-za-decu\/deca\/'><img loading=\"lazy\" decoding=\"async\" width=\"720\" height=\"960\" src=\"https:\/\/centralmedia.rs\/wp-content\/uploads\/2017\/04\/deca.jpg\" class=\"attachment-full size-full\" alt=\"\" srcset=\"https:\/\/centralmedia.rs\/wp-content\/uploads\/2017\/04\/deca.jpg 720w, https:\/\/centralmedia.rs\/wp-content\/uploads\/2017\/04\/deca-225x300.jpg 225w\" sizes=\"(max-width: 720px) 100vw, 720px\" \/><\/a>\n\t\t\t<\/div><\/figure><figure class='gallery-item'>\n\t\t\t<div class='gallery-icon portrait'>\n\t\t\t\t<a href='https:\/\/centralmedia.rs\/index.php\/2017\/04\/15\/paracin-podelio-120-paketica-vaskrsnji-prijem-za-decu\/deca-1\/'><img loading=\"lazy\" decoding=\"async\" width=\"720\" height=\"960\" src=\"https:\/\/centralmedia.rs\/wp-content\/uploads\/2017\/04\/deca-1.jpg\" class=\"attachment-full size-full\" alt=\"\" srcset=\"https:\/\/centralmedia.rs\/wp-content\/uploads\/2017\/04\/deca-1.jpg 720w, https:\/\/centralmedia.rs\/wp-content\/uploads\/2017\/04\/deca-1-225x300.jpg 225w\" sizes=\"(max-width: 720px) 100vw, 720px\" \/><\/a>\n\t\t\t<\/div><\/figure><figure class='gallery-item'>\n\t\t\t<div class='gallery-icon portrait'>\n\t\t\t\t<a href='https:\/\/centralmedia.rs\/index.php\/2017\/04\/15\/paracin-podelio-120-paketica-vaskrsnji-prijem-za-decu\/deca-2\/'><img loading=\"lazy\" decoding=\"async\" width=\"720\" height=\"960\" src=\"https:\/\/centralmedia.rs\/wp-content\/uploads\/2017\/04\/deca-2.jpg\" class=\"attachment-full size-full\" alt=\"\" srcset=\"https:\/\/centralmedia.rs\/wp-content\/uploads\/2017\/04\/deca-2.jpg 720w, https:\/\/centralmedia.rs\/wp-content\/uploads\/2017\/04\/deca-2-225x300.jpg 225w\" sizes=\"(max-width: 720px) 100vw, 720px\" \/><\/a>\n\t\t\t<\/div><\/figure>\n\t\t<\/div>\n\n","protected":false},"excerpt":{"rendered":"<p>PARA\u0106IN-U organizaciji SO Para\u0107in danas je organizovan Vaskr\u0161nji prijem za decu sa posebnim potrebama i decu bez roditeljskog staranja na kome je podeljeno 120 paketi\u0107a &hellip; <\/p>\n","protected":false},"author":4,"featured_media":7582,"comment_status":"open","ping_status":"open","sticky":false,"template":"","format":"standard","meta":{"footnotes":""},"categories":[1524,2,1516],"tags":[156,1836,1835],"_links":{"self":[{"href":"https:\/\/centralmedia.rs\/index.php\/wp-json\/wp\/v2\/posts\/7581"}],"collection":[{"href":"https:\/\/centralmedia.rs\/index.php\/wp-json\/wp\/v2\/posts"}],"about":[{"href":"https:\/\/centralmedia.rs\/index.php\/wp-json\/wp\/v2\/types\/post"}],"author":[{"embeddable":true,"href":"https:\/\/centralmedia.rs\/index.php\/wp-json\/wp\/v2\/users\/4"}],"replies":[{"embeddable":true,"href":"https:\/\/centralmedia.rs\/index.php\/wp-json\/wp\/v2\/comments?post=7581"}],"version-history":[{"count":0,"href":"https:\/\/centralmedia.rs\/index.php\/wp-json\/wp\/v2\/posts\/7581\/revisions"}],"wp:featuredmedia":[{"embeddable":true,"href":"https:\/\/centralmedia.rs\/index.php\/wp-json\/wp\/v2\/media\/7582"}],"wp:attachment":[{"href":"https:\/\/centralmedia.rs\/index.php\/wp-json\/wp\/v2\/media?parent=7581"}],"wp:term":[{"taxonomy":"category","embeddable":true,"href":"https:\/\/centralmedia.rs\/index.php\/wp-json\/wp\/v2\/categories?post=7581"},{"taxonomy":"post_tag","embeddable":true,"href":"https:\/\/centralmedia.rs\/index.php\/wp-json\/wp\/v2\/tags?post=7581"}],"curies":[{"name":"wp","href":"https:\/\/api.w.org\/{rel}","templated":true}]}}