{"id":7590,"date":"2017-04-15T17:32:19","date_gmt":"2017-04-15T17:32:19","guid":{"rendered":"http:\/\/centralmedia.rs\/?p=7590"},"modified":"2017-04-15T23:13:38","modified_gmt":"2017-04-15T23:13:38","slug":"jagodinski-zupnik-ivan-poleto-zadovoljan-sam-u-pomoravlju","status":"publish","type":"post","link":"https:\/\/centralmedia.rs\/index.php\/2017\/04\/15\/jagodinski-zupnik-ivan-poleto-zadovoljan-sam-u-pomoravlju\/","title":{"rendered":"JAGODINSKI \u017dUPNIK IVAN POLETO  &#8211; ,,ZADOVOLJAN SAM U POMORAVLJU\u201d"},"content":{"rendered":"<p>JAGODINA-Ivan Poleto (39) sve\u0107enik Beogradske nadbiskupije, \u00a0\u017eupnik \u017eupa sv. Leopolda Mandi\u0107a u Jagodini i sv. Barbare u Ravnoj Reci. Vele\u010dasni Poleto je,pored toga, urednik mese\u010dnika Beogradske nadbiskupije Blagovesti i na katoli\u010dkom Radio Marija ure\u0111uje emisiju ,,Zrnca vere\u201d, te pi\u0161e \u010dlanke za internet portale i profile na dru\u0161tvenim mre\u017eama. Uz sva ta zadu\u017eenja, on je i tajnik (sekretar) Sinoda Beogradske nadbiskupije.<\/p>\n<p>-Najvi\u0161e radim na medijima, posebno za Blagovesti gde pratim sve aktivnosti nadbiskupa monjsinora Stanislava Ho\u010devara i nadbiskupije uop\u0161te, kojih dosta ima. I ranije sam se bavio medijima. Moja predhodna du\u017enost je bila \u017eupnik u Vinkovicima i Zagrebu, ina\u010de sam rodom iz Slavonske Po\u017eege. Gde god sam bio bavio sam se medijima, ure\u0111ivao radio emisije, radio za lokalne televizije reporta\u017ee, imam i sada zadu\u017eenja u Vinkovcima za kulturna doga\u0111anja u gradu. Trudim se da pratim sva zbivanja i u mojoj \u017eupi u Pomoravlju, imam dobre odnose sa sestrinskom SPC, prijatelj sam sa nekim sve\u0161tenicima. Zaista sam zadovoljan u Pomoravlju, po\u010dinje pri\u010du o sebi i svojim du\u017enostima Poleto.<a href=\"https:\/\/centralmedia.rs\/wp-content\/uploads\/2017\/04\/poleto-2.jpg\"><img loading=\"lazy\" decoding=\"async\" class=\"aligncenter size-full wp-image-7592\" src=\"https:\/\/centralmedia.rs\/wp-content\/uploads\/2017\/04\/poleto-2.jpg\" alt=\"\" width=\"960\" height=\"720\" srcset=\"https:\/\/centralmedia.rs\/wp-content\/uploads\/2017\/04\/poleto-2.jpg 960w, https:\/\/centralmedia.rs\/wp-content\/uploads\/2017\/04\/poleto-2-300x225.jpg 300w, https:\/\/centralmedia.rs\/wp-content\/uploads\/2017\/04\/poleto-2-768x576.jpg 768w, https:\/\/centralmedia.rs\/wp-content\/uploads\/2017\/04\/poleto-2-80x60.jpg 80w, https:\/\/centralmedia.rs\/wp-content\/uploads\/2017\/04\/poleto-2-265x198.jpg 265w\" sizes=\"(max-width: 960px) 100vw, 960px\" \/><\/a><\/p>\n<p>On je pre dve godine preuzeo du\u017enost \u017eupnika u Jagodini.<\/p>\n<p>-Moji \u017eupljani su me jako lepo primili, ali i odmah upoznali sa svim strukturama u gradu. Na tome sam im zahvalan. Stalno sam im na raspolaganju. Preko mojih \u017eupljana povezao sam se sa sve\u0161tenicima SPC, a sa nekima sam postao prijatelj, dodaje Poleto.<\/p>\n<p>-Kom\u0161ije na Liparu su prema meni jako dobri. Uvek, gde god da budem i sa kime god da razgovaram, pohvalim moje kom\u0161ije. Zaista su divni ljudi, poma\u017eu mi oko radova oko hrama, \u010duvaju ku\u0107u sam u toku sedmice u Beogradu. Nikada nisam imao problema. Presre\u0107an sam sa svim kom\u0161ijama, od najbli\u017eih do onih koji su malo dalje, ka\u017ee on.<a href=\"https:\/\/centralmedia.rs\/wp-content\/uploads\/2017\/04\/poleto-7.jpg\"><img loading=\"lazy\" decoding=\"async\" class=\"aligncenter size-full wp-image-7593\" src=\"https:\/\/centralmedia.rs\/wp-content\/uploads\/2017\/04\/poleto-7.jpg\" alt=\"\" width=\"960\" height=\"636\" srcset=\"https:\/\/centralmedia.rs\/wp-content\/uploads\/2017\/04\/poleto-7.jpg 960w, https:\/\/centralmedia.rs\/wp-content\/uploads\/2017\/04\/poleto-7-300x199.jpg 300w, https:\/\/centralmedia.rs\/wp-content\/uploads\/2017\/04\/poleto-7-768x509.jpg 768w\" sizes=\"(max-width: 960px) 100vw, 960px\" \/><\/a><\/p>\n<p>Ove godine Katoli\u010dka i pravoslavne crkve slave Uskrs istog dana u nedelju 16. aprila.<\/p>\n<p>-Ove godine Uskrs ili Vasksrs slave zajedno Katoli\u010dka i Pravoslavna crkva. To je najve\u0107i hri\u0161\u0107anski praznik blagdan, jer je uskrsnu\u0107e temelj na\u0161e vere, kao \u0161to je rekao Sveti Pavao (Sv. Pavle) ,,Ako nema uskrsnu\u0107a, onda je uzaludna vera na\u0161a\u201d, poru\u010duje Poleto.<\/p>\n<p>-Ako bi smo pitali vernike najradosniji dan je Bo\u017ei\u0107, jer je Bo\u017ei\u0107 bli\u017ei ljudima, u sredi\u0161tu je dete, sve je \u0161areno i lepo, svetlucavo, a u stvari mnogi od nas zaborave na bit. Uskrs je ne\u0161to ozbiljno, gde svaki \u010dovek treba da se zaustavi na tim misterijem. Zato su dani, posebno velike sedmice, vrlo bogati liturgijski. Najsve\u010danija liturgija u celoj godini je za Veliku subotu, a to je Vaskr\u0161nja liturgija vazmenoga bdjenja, poja\u0161njava Poleto.<a href=\"https:\/\/centralmedia.rs\/wp-content\/uploads\/2017\/04\/poleto-9.jpg\"><img loading=\"lazy\" decoding=\"async\" class=\"aligncenter size-full wp-image-7594\" src=\"https:\/\/centralmedia.rs\/wp-content\/uploads\/2017\/04\/poleto-9.jpg\" alt=\"\" width=\"960\" height=\"710\" srcset=\"https:\/\/centralmedia.rs\/wp-content\/uploads\/2017\/04\/poleto-9.jpg 960w, https:\/\/centralmedia.rs\/wp-content\/uploads\/2017\/04\/poleto-9-300x222.jpg 300w, https:\/\/centralmedia.rs\/wp-content\/uploads\/2017\/04\/poleto-9-768x568.jpg 768w, https:\/\/centralmedia.rs\/wp-content\/uploads\/2017\/04\/poleto-9-80x60.jpg 80w\" sizes=\"(max-width: 960px) 100vw, 960px\" \/><\/a><\/p>\n<p>-Raduje me da ove godine Vaskrs ili Uskrs zajedni\u010dki slavimo, sestrinske crkve Katoli\u010dka i SPC.\u00a0 U Jagodini Katoli\u010dka crkva deluje od 2008. godine, ali na ovim teritorijima Katoli\u010dka crkva je prisutna, jer je Ravna Reka bila prva \u017eupa, \u00a0od 1935. godine, kada je izgra\u0111ena crkva Svete Barbare u Ravnoj Reci \u0161to je jedini hram Katoli\u010dke crkve u Pomoravlju, pri\u010da Poleto.<a href=\"https:\/\/centralmedia.rs\/wp-content\/uploads\/2017\/04\/poleto.jpg\"><img loading=\"lazy\" decoding=\"async\" class=\"aligncenter size-full wp-image-7595\" src=\"https:\/\/centralmedia.rs\/wp-content\/uploads\/2017\/04\/poleto.jpg\" alt=\"\" width=\"960\" height=\"581\" srcset=\"https:\/\/centralmedia.rs\/wp-content\/uploads\/2017\/04\/poleto.jpg 960w, https:\/\/centralmedia.rs\/wp-content\/uploads\/2017\/04\/poleto-300x182.jpg 300w, https:\/\/centralmedia.rs\/wp-content\/uploads\/2017\/04\/poleto-768x465.jpg 768w\" sizes=\"(max-width: 960px) 100vw, 960px\" \/><\/a><\/p>\n<p>-To je najstariji katoli\u010dki crkveni hram u centralnoj Srbiji. Tu crkvu su zidali rudari koji su \u017eiveli u Resavskom kraju, a re\u010d je o Francuzima, Nemcima, \u010cesima, Slovencima\u2026 tada je u Ravnoj Reci \u017eivelo 4.500 ljudi, a sada stotinak. Ugasio se rudnik, sada je tek nekoliko katolika. No, 2008. godine ose\u0107ala se pastoralna potreba za jednom \u017eupom koja bi bila bli\u017ea, jer je Ravna Reka udaljena, te je razmi\u0161ljanjem i \u00a0dobrotom na\u0161eg nadbiskupa monjsinjora Stanislava Ho\u010derava osnovana \u017dupa u Jagodini. Prvo je osnovan Pastoralni centar Svetog Lepolda Bogdana Mandi\u0107a u Jagodini i tada je za \u017eupnika postavljen Marko Tro\u0161t, koji je bio ovde do 2013. godine, posle njega don D\u017eeremija Masa i pred dve godine ja sam \u017eupnik. \u017dupa pokriva terirorije Jagodine, \u0106uprije i Para\u0107ina. Prema popisu stanovni\u0161tva iz 2011 godine\u00a0 u tim gradovima \u017eivi oko 600 katolika, s tim da u crkvu dolazi do 150 vernika, podse\u0107a Poleto.<a href=\"https:\/\/centralmedia.rs\/wp-content\/uploads\/2017\/04\/poleto-6.jpg\"><img loading=\"lazy\" decoding=\"async\" class=\"aligncenter size-full wp-image-7596\" src=\"https:\/\/centralmedia.rs\/wp-content\/uploads\/2017\/04\/poleto-6.jpg\" alt=\"\" width=\"960\" height=\"700\" srcset=\"https:\/\/centralmedia.rs\/wp-content\/uploads\/2017\/04\/poleto-6.jpg 960w, https:\/\/centralmedia.rs\/wp-content\/uploads\/2017\/04\/poleto-6-300x219.jpg 300w, https:\/\/centralmedia.rs\/wp-content\/uploads\/2017\/04\/poleto-6-768x560.jpg 768w, https:\/\/centralmedia.rs\/wp-content\/uploads\/2017\/04\/poleto-6-324x235.jpg 324w\" sizes=\"(max-width: 960px) 100vw, 960px\" \/><\/a><\/p>\n<p>-U Jagodini nemamo hram ili crkvu u smislu kako je to u Ravnoj Reci. Trenutno osmi\u0161ljavmo kako da uz ku\u0107u na Liparu izgradimo hram, razmi\u0161ljali smo o pro\u0161irenju. Kompletno smo uredili prostor bogoslu\u017enog hrama, tako da ku\u0107a je lepa i topla, ali mala\u00a0 za velike blagdane. Razmi\u0161ljamo o pro\u0161irenju, radi zaista lepog broja vernika koji dolaze na svetu misu. Lokacija hrama bi bila na Liparu. Poslednjih par meseci prime\u0107ujem pove\u0107avanje novih ljudi, koji nisu znali da postoji Katoli\u010dka crkva u Jagodini, zaklju\u010duje Poleto.<\/p>\n<p>&nbsp;<\/p>\n<p>&nbsp;<\/p>\n","protected":false},"excerpt":{"rendered":"<p>JAGODINA-Ivan Poleto (39) sve\u0107enik Beogradske nadbiskupije, \u00a0\u017eupnik \u017eupa sv. Leopolda Mandi\u0107a u Jagodini i sv. Barbare u Ravnoj Reci. Vele\u010dasni Poleto je,pored toga, urednik mese\u010dnika &hellip; <\/p>\n","protected":false},"author":4,"featured_media":7591,"comment_status":"open","ping_status":"open","sticky":false,"template":"","format":"standard","meta":{"footnotes":""},"categories":[14,1524,2,1514,12],"tags":[1840,1839,1838],"_links":{"self":[{"href":"https:\/\/centralmedia.rs\/index.php\/wp-json\/wp\/v2\/posts\/7590"}],"collection":[{"href":"https:\/\/centralmedia.rs\/index.php\/wp-json\/wp\/v2\/posts"}],"about":[{"href":"https:\/\/centralmedia.rs\/index.php\/wp-json\/wp\/v2\/types\/post"}],"author":[{"embeddable":true,"href":"https:\/\/centralmedia.rs\/index.php\/wp-json\/wp\/v2\/users\/4"}],"replies":[{"embeddable":true,"href":"https:\/\/centralmedia.rs\/index.php\/wp-json\/wp\/v2\/comments?post=7590"}],"version-history":[{"count":0,"href":"https:\/\/centralmedia.rs\/index.php\/wp-json\/wp\/v2\/posts\/7590\/revisions"}],"wp:featuredmedia":[{"embeddable":true,"href":"https:\/\/centralmedia.rs\/index.php\/wp-json\/wp\/v2\/media\/7591"}],"wp:attachment":[{"href":"https:\/\/centralmedia.rs\/index.php\/wp-json\/wp\/v2\/media?parent=7590"}],"wp:term":[{"taxonomy":"category","embeddable":true,"href":"https:\/\/centralmedia.rs\/index.php\/wp-json\/wp\/v2\/categories?post=7590"},{"taxonomy":"post_tag","embeddable":true,"href":"https:\/\/centralmedia.rs\/index.php\/wp-json\/wp\/v2\/tags?post=7590"}],"curies":[{"name":"wp","href":"https:\/\/api.w.org\/{rel}","templated":true}]}}