{"id":7600,"date":"2017-04-15T18:10:05","date_gmt":"2017-04-15T18:10:05","guid":{"rendered":"http:\/\/centralmedia.rs\/?p=7600"},"modified":"2017-04-15T18:10:05","modified_gmt":"2017-04-15T18:10:05","slug":"devetnaestogodisnjak-rodjen-bez-podlaktice-parareprezentativac-u-plivanju-tekvondou","status":"publish","type":"post","link":"https:\/\/centralmedia.rs\/index.php\/2017\/04\/15\/devetnaestogodisnjak-rodjen-bez-podlaktice-parareprezentativac-u-plivanju-tekvondou\/","title":{"rendered":"DEVETNAESTOGODI\u0160NJAK RO\u0110EN BEZ PODLAKTICE &#8211; PARAREPREZENTATIVAC U PLIVANJU I TEKVONDOU"},"content":{"rendered":"<p>PARA\u0106IN-Nemanja Miljkovi\u0107 (19) iz Para\u0107ina, student Istorije u Beogradu, ro\u0111en je bez podlaktice, ali je borac i sportista \u0161to je dokazao kao \u010dlan parareprezentacija Srbije u plivanju i tekvondou. Na Me\u0111unarodnim sportskim igarama za osobe sa invaliditetom u \u00a0\u0160vedskoj u plivanju osvojio je tri zlatne medalje 2015. godine. Kao tekvondista osvojio je dr\u017eavno prvenstvo i u\u010destvovao na Evropskom prvenstvu u Poljskoj. Njegov cilj je u\u010de\u0161\u0107e na Paraolimpijadi u Tokiju.\u00a0<a href=\"https:\/\/centralmedia.rs\/wp-content\/uploads\/2017\/04\/nemanja.jpg\"><img loading=\"lazy\" decoding=\"async\" class=\"alignright size-medium wp-image-7602\" src=\"https:\/\/centralmedia.rs\/wp-content\/uploads\/2017\/04\/nemanja-300x200.jpg\" alt=\"\" width=\"300\" height=\"200\" srcset=\"https:\/\/centralmedia.rs\/wp-content\/uploads\/2017\/04\/nemanja-300x200.jpg 300w, https:\/\/centralmedia.rs\/wp-content\/uploads\/2017\/04\/nemanja-768x512.jpg 768w, https:\/\/centralmedia.rs\/wp-content\/uploads\/2017\/04\/nemanja.jpg 960w\" sizes=\"(max-width: 300px) 100vw, 300px\" \/><\/a><\/p>\n<p>-Sa plivanja sam se prebacio na tekvondo juna pro\u0161le godine u Beogradu. Meni nisu problem borila\u010dke ve\u0161tine, jer sam dugo trenirao boks i kik boks. Ina\u010de, ja sam prvi paratekvondista u Srbiji. Na dva dr\u017eavna prvenstva osvojio sam dve zlatne i srebrnu medalju, borio sam se u dve kategorije. Pobe\u0111ujem na turnirima za paratekvondiste, a na turniru B klase sa tekvondistima osvojio sam zlato u kategoriji do 68 kilograma, pri\u010da Nemanja.<\/p>\n<figure id=\"attachment_7603\" aria-describedby=\"caption-attachment-7603\" style=\"width: 240px\" class=\"wp-caption alignleft\"><a href=\"https:\/\/centralmedia.rs\/wp-content\/uploads\/2017\/04\/nemanja-i-dejana-baccko-1.jpg\"><img loading=\"lazy\" decoding=\"async\" class=\"size-medium wp-image-7603\" src=\"https:\/\/centralmedia.rs\/wp-content\/uploads\/2017\/04\/nemanja-i-dejana-baccko-1-240x300.jpg\" alt=\"\" width=\"240\" height=\"300\" srcset=\"https:\/\/centralmedia.rs\/wp-content\/uploads\/2017\/04\/nemanja-i-dejana-baccko-1-240x300.jpg 240w, https:\/\/centralmedia.rs\/wp-content\/uploads\/2017\/04\/nemanja-i-dejana-baccko-1.jpg 768w\" sizes=\"(max-width: 240px) 100vw, 240px\" \/><\/a><figcaption id=\"caption-attachment-7603\" class=\"wp-caption-text\">Nemanja sa Dejanom Ba\u010dko<\/figcaption><\/figure>\n<p>Na turnirima prikuplja bodove da bi se kvalifikovao za Paraolimpijadu. Njegova najve\u0107a podr\u0161ka su porodica i trener Aleksandar Golovi\u0107. Pored sporta, njegova velika ljubav je uniforma. Posle prve prepreke nije odustao, jer kada se raspitivao kazali su mu da zbog hendikepa ne mo\u017ee da upi\u0161e Fakultet za bezbednost.<\/p>\n<p>-Spremam se za prijemni na Fakultetu za bezbednost, ipak Istorija nije za mene. Volim uniformu, taj na\u010din \u017eivota, to mi je sana. Slao sam mejlove, ali niko nije odgovarao. Preko telefona su mi kazali da ne mogu da upi\u0161em. Nisam odustajao. Kada sam li\u010dno oti\u0161ao, kazali su mi da mogu da upi\u0161em Fakultet bezbednosti, a tome u prilog ide i moj reprezentativni status, ka\u017ee Nemanja.<\/p>\n<p>Sport mu je pomogao da ne razmi\u0161lja o svom hendikepu pa zato i ne nosi protezu iako je ima. Smeta mu.<\/p>\n","protected":false},"excerpt":{"rendered":"<p>PARA\u0106IN-Nemanja Miljkovi\u0107 (19) iz Para\u0107ina, student Istorije u Beogradu, ro\u0111en je bez podlaktice, ali je borac i sportista \u0161to je dokazao kao \u010dlan parareprezentacija Srbije &hellip; <\/p>\n","protected":false},"author":4,"featured_media":7601,"comment_status":"open","ping_status":"open","sticky":false,"template":"","format":"standard","meta":{"footnotes":""},"categories":[1524,2,23,1516,887,30],"tags":[1842,156,1841,1843],"_links":{"self":[{"href":"https:\/\/centralmedia.rs\/index.php\/wp-json\/wp\/v2\/posts\/7600"}],"collection":[{"href":"https:\/\/centralmedia.rs\/index.php\/wp-json\/wp\/v2\/posts"}],"about":[{"href":"https:\/\/centralmedia.rs\/index.php\/wp-json\/wp\/v2\/types\/post"}],"author":[{"embeddable":true,"href":"https:\/\/centralmedia.rs\/index.php\/wp-json\/wp\/v2\/users\/4"}],"replies":[{"embeddable":true,"href":"https:\/\/centralmedia.rs\/index.php\/wp-json\/wp\/v2\/comments?post=7600"}],"version-history":[{"count":0,"href":"https:\/\/centralmedia.rs\/index.php\/wp-json\/wp\/v2\/posts\/7600\/revisions"}],"wp:featuredmedia":[{"embeddable":true,"href":"https:\/\/centralmedia.rs\/index.php\/wp-json\/wp\/v2\/media\/7601"}],"wp:attachment":[{"href":"https:\/\/centralmedia.rs\/index.php\/wp-json\/wp\/v2\/media?parent=7600"}],"wp:term":[{"taxonomy":"category","embeddable":true,"href":"https:\/\/centralmedia.rs\/index.php\/wp-json\/wp\/v2\/categories?post=7600"},{"taxonomy":"post_tag","embeddable":true,"href":"https:\/\/centralmedia.rs\/index.php\/wp-json\/wp\/v2\/tags?post=7600"}],"curies":[{"name":"wp","href":"https:\/\/api.w.org\/{rel}","templated":true}]}}