{"id":7605,"date":"2017-04-15T18:42:21","date_gmt":"2017-04-15T18:42:21","guid":{"rendered":"http:\/\/centralmedia.rs\/?p=7605"},"modified":"2017-04-15T18:48:20","modified_gmt":"2017-04-15T18:48:20","slug":"intervju-mase-petrovic-sa-vukom-stevanicem-jagodinac-izmedju-dva-obruca-na-kanarima","status":"publish","type":"post","link":"https:\/\/centralmedia.rs\/index.php\/2017\/04\/15\/intervju-mase-petrovic-sa-vukom-stevanicem-jagodinac-izmedju-dva-obruca-na-kanarima\/","title":{"rendered":"INTERVJU MA\u0160E PETROVI\u0106 SA VUKOM STEVANI\u0106EM &#8211; JAGODINAC IZME\u0110U DVA OBRU\u010cA NA KANARIMA"},"content":{"rendered":"<p>INTERVJU URADILA MA\u0160A PETROVI\u0106<\/p>\n<p>\u0106JAGODINA-Vuk Stevani\u0107 (16) iz Jagodine, ve\u0107 dve godine \u017eivi Las Palmasu glavnom gradu Kanarskih ostrva u \u0160paniji, tamo oti\u0161ao na poziv skauta na ko\u0161arka\u0161ku akademiju i uporedo poha\u0111a internacionalnu skolu ,,Canterbury&#8221;. On \u0107e za dva meseca napuniti 17 godina i jedan je od najboljih mladih ko\u0161arka\u0161a kadetske lige \u0160panije.<\/p>\n<figure id=\"attachment_7607\" aria-describedby=\"caption-attachment-7607\" style=\"width: 646px\" class=\"wp-caption aligncenter\"><a href=\"https:\/\/centralmedia.rs\/wp-content\/uploads\/2017\/04\/koledz-tim.jpg\"><img loading=\"lazy\" decoding=\"async\" class=\"size-full wp-image-7607\" src=\"https:\/\/centralmedia.rs\/wp-content\/uploads\/2017\/04\/koledz-tim.jpg\" alt=\"\" width=\"646\" height=\"373\" srcset=\"https:\/\/centralmedia.rs\/wp-content\/uploads\/2017\/04\/koledz-tim.jpg 646w, https:\/\/centralmedia.rs\/wp-content\/uploads\/2017\/04\/koledz-tim-300x173.jpg 300w\" sizes=\"(max-width: 646px) 100vw, 646px\" \/><\/a><figcaption id=\"caption-attachment-7607\" class=\"wp-caption-text\">Ko\u0161arka\u0161ka akademija u Las Palmasu<\/figcaption><\/figure>\n<p>Da li je bilo lako da donese\u0161 odluku da nastavi\u0161 sa \u0161kolovanjem i da igra\u0161 ko\u0161arku daleko od Srbije i Jagodine?<\/p>\n<p>VUK-Dobio sam poziv da u Las Palmas odem na probu pretpro\u0161log leta i kada su mi javili da sam ispunio o\u010dekivanja,odlu\u010dio sam se da odem jer tamo imam odli\u010dne uslove za rad i napredak,kako u \u0161koli,tako i u ko\u0161arci.<\/p>\n<figure id=\"attachment_7608\" aria-describedby=\"caption-attachment-7608\" style=\"width: 888px\" class=\"wp-caption aligncenter\"><a href=\"https:\/\/centralmedia.rs\/wp-content\/uploads\/2017\/04\/drugari-iz-jagodine.jpg\"><img loading=\"lazy\" decoding=\"async\" class=\"size-full wp-image-7608\" src=\"https:\/\/centralmedia.rs\/wp-content\/uploads\/2017\/04\/drugari-iz-jagodine.jpg\" alt=\"\" width=\"888\" height=\"666\" srcset=\"https:\/\/centralmedia.rs\/wp-content\/uploads\/2017\/04\/drugari-iz-jagodine.jpg 888w, https:\/\/centralmedia.rs\/wp-content\/uploads\/2017\/04\/drugari-iz-jagodine-300x225.jpg 300w, https:\/\/centralmedia.rs\/wp-content\/uploads\/2017\/04\/drugari-iz-jagodine-768x576.jpg 768w, https:\/\/centralmedia.rs\/wp-content\/uploads\/2017\/04\/drugari-iz-jagodine-80x60.jpg 80w, https:\/\/centralmedia.rs\/wp-content\/uploads\/2017\/04\/drugari-iz-jagodine-265x198.jpg 265w\" sizes=\"(max-width: 888px) 100vw, 888px\" \/><\/a><figcaption id=\"caption-attachment-7608\" class=\"wp-caption-text\">Drugari iz Jagodine<\/figcaption><\/figure>\n<p>\u0160ta ti nedostaje u \u0160paniji?<\/p>\n<p>VUK-Povremeno mi nedostaju porodica i prijatelji, ali sam se vremenom navikao na taj na\u010din \u017eivota. Tako sam se osamostalio.<a href=\"https:\/\/centralmedia.rs\/wp-content\/uploads\/2017\/04\/vuk.jpg\"><img loading=\"lazy\" decoding=\"async\" class=\"alignright size-medium wp-image-7609\" src=\"https:\/\/centralmedia.rs\/wp-content\/uploads\/2017\/04\/vuk-300x300.jpg\" alt=\"\" width=\"300\" height=\"300\" srcset=\"https:\/\/centralmedia.rs\/wp-content\/uploads\/2017\/04\/vuk-300x300.jpg 300w, https:\/\/centralmedia.rs\/wp-content\/uploads\/2017\/04\/vuk-150x150.jpg 150w, https:\/\/centralmedia.rs\/wp-content\/uploads\/2017\/04\/vuk.jpg 526w\" sizes=\"(max-width: 300px) 100vw, 300px\" \/><\/a><\/p>\n<p>Kakva je ko\u0161arka u \u0160paniji? Kakve si ti rezultate postigao u prvoj sezoni?<\/p>\n<p>VUK-Ko\u0161arka se igra tranziciono sa dosta dodavanja i \u0161uteva. Igra se timski i samim tim sam napredovao i ko\u0161arkaski sazreo kao igra\u010d. U kategoriji kadeta moj tim je zauzeo drugo mesto na Kanarskim ostrvima,a kasnije te sezone iznenadili smo konkurenciju i bili \u010detvrti u celoj \u0160paniji.<\/p>\n<p>\u0160ta planira\u0161 kada zavr\u0161i\u0161 srednju \u0161kolu?<\/p>\n<p>VUK-Posle srednje skole poku\u0161ao bih da izborim \u0161kolarinu na nekom presti\u017enom ameri\u010dkom univerzitetu i istovremeno bih igrao za njihovu ko\u0161arka\u0161ku ekipu. Nakon svega toga,voleo bih da zaigram i profesionalno.<\/p>\n<p>Kako se ose\u0107a\u0161 kada se vra\u0107a\u0161 u Srbiju?<\/p>\n<p>VUK-Svaki put kada dolazim u Srbiju veoma sam uzbu\u0111en i radujem se \u0161to ponovo vidim porodicu i dru\u0161tvo. Oni su uvek svi tu za mene da me do\u010dekaju i pru\u017eaju mi podr\u0161ku dok sam tamo.<a href=\"https:\/\/centralmedia.rs\/wp-content\/uploads\/2017\/04\/vuk-1.jpg\"><img loading=\"lazy\" decoding=\"async\" class=\"alignleft size-medium wp-image-7610\" src=\"https:\/\/centralmedia.rs\/wp-content\/uploads\/2017\/04\/vuk-1-296x300.jpg\" alt=\"\" width=\"296\" height=\"300\" srcset=\"https:\/\/centralmedia.rs\/wp-content\/uploads\/2017\/04\/vuk-1-296x300.jpg 296w, https:\/\/centralmedia.rs\/wp-content\/uploads\/2017\/04\/vuk-1.jpg 698w\" sizes=\"(max-width: 296px) 100vw, 296px\" \/><\/a><\/p>\n<p>Kako sve posti\u017ee\u0161 i uskla\u0111uje\u0161, trening, utakmice, odli\u010dan uspehu \u0161koli?<\/p>\n<p>VUK-Trudim se da organizujem svoje vreme na najbolji mogu\u0107i na\u010din i rasporedim sve svoje obaveze.<\/p>\n<p>\u0160ta je potrebno da bi se uspelo u ko\u0161arci i \u0161koli?<\/p>\n<p>VUK-Kao sto sam prethodno rekao,sve je stvar organizacije. Tako\u0111e,veliki trud i posve\u0107enost u bilo \u010demu sto radim se podrazumevaju. Va\u017eno je biti disciplinovan i stremiti ka svom cilju.<\/p>\n<figure id=\"attachment_7611\" aria-describedby=\"caption-attachment-7611\" style=\"width: 960px\" class=\"wp-caption aligncenter\"><a href=\"https:\/\/centralmedia.rs\/wp-content\/uploads\/2017\/04\/drugari-iz-spanije.jpg\"><img loading=\"lazy\" decoding=\"async\" class=\"size-full wp-image-7611\" src=\"https:\/\/centralmedia.rs\/wp-content\/uploads\/2017\/04\/drugari-iz-spanije.jpg\" alt=\"\" width=\"960\" height=\"720\" srcset=\"https:\/\/centralmedia.rs\/wp-content\/uploads\/2017\/04\/drugari-iz-spanije.jpg 960w, https:\/\/centralmedia.rs\/wp-content\/uploads\/2017\/04\/drugari-iz-spanije-300x225.jpg 300w, https:\/\/centralmedia.rs\/wp-content\/uploads\/2017\/04\/drugari-iz-spanije-768x576.jpg 768w, https:\/\/centralmedia.rs\/wp-content\/uploads\/2017\/04\/drugari-iz-spanije-80x60.jpg 80w, https:\/\/centralmedia.rs\/wp-content\/uploads\/2017\/04\/drugari-iz-spanije-265x198.jpg 265w\" sizes=\"(max-width: 960px) 100vw, 960px\" \/><\/a><figcaption id=\"caption-attachment-7611\" class=\"wp-caption-text\">Drugari iz \u0160panije<\/figcaption><\/figure>\n<p>Kako je do\u0161lo do toga da u\u010destvuje\u0161 u muzi\u010dkom spotu?<\/p>\n<p>VUK- Mlada peva\u010dka nada sa Kanarskih ostrva Sophia Guillen je zahtevala da se njen spot za pesmu ,,Hold me close\u201d uradi u nekoj dobroj ko\u0161arka\u0161koj sali kao \u0161to je na\u0161a. Uz to je rekla da joj trebaju dvojica ko\u0161arka\u0161a koji bi u\u010destvovali u snimanju. Igrom slu\u010daja, trener je poslao mene i mog saigra\u010da Souleymana Diakitea.<\/p>\n<p>&nbsp;<\/p>\n","protected":false},"excerpt":{"rendered":"<p>INTERVJU URADILA MA\u0160A PETROVI\u0106 \u0106JAGODINA-Vuk Stevani\u0107 (16) iz Jagodine, ve\u0107 dve godine \u017eivi Las Palmasu glavnom gradu Kanarskih ostrva u \u0160paniji, tamo oti\u0161ao na poziv &hellip; <\/p>\n","protected":false},"author":4,"featured_media":7606,"comment_status":"open","ping_status":"open","sticky":false,"template":"","format":"standard","meta":{"footnotes":""},"categories":[1524,2,1514,23,21,30],"tags":[1846,1161,1845,1847,1844],"_links":{"self":[{"href":"https:\/\/centralmedia.rs\/index.php\/wp-json\/wp\/v2\/posts\/7605"}],"collection":[{"href":"https:\/\/centralmedia.rs\/index.php\/wp-json\/wp\/v2\/posts"}],"about":[{"href":"https:\/\/centralmedia.rs\/index.php\/wp-json\/wp\/v2\/types\/post"}],"author":[{"embeddable":true,"href":"https:\/\/centralmedia.rs\/index.php\/wp-json\/wp\/v2\/users\/4"}],"replies":[{"embeddable":true,"href":"https:\/\/centralmedia.rs\/index.php\/wp-json\/wp\/v2\/comments?post=7605"}],"version-history":[{"count":0,"href":"https:\/\/centralmedia.rs\/index.php\/wp-json\/wp\/v2\/posts\/7605\/revisions"}],"wp:featuredmedia":[{"embeddable":true,"href":"https:\/\/centralmedia.rs\/index.php\/wp-json\/wp\/v2\/media\/7606"}],"wp:attachment":[{"href":"https:\/\/centralmedia.rs\/index.php\/wp-json\/wp\/v2\/media?parent=7605"}],"wp:term":[{"taxonomy":"category","embeddable":true,"href":"https:\/\/centralmedia.rs\/index.php\/wp-json\/wp\/v2\/categories?post=7605"},{"taxonomy":"post_tag","embeddable":true,"href":"https:\/\/centralmedia.rs\/index.php\/wp-json\/wp\/v2\/tags?post=7605"}],"curies":[{"name":"wp","href":"https:\/\/api.w.org\/{rel}","templated":true}]}}