{"id":7631,"date":"2017-04-17T19:48:05","date_gmt":"2017-04-17T19:48:05","guid":{"rendered":"http:\/\/centralmedia.rs\/?p=7631"},"modified":"2017-04-17T19:48:05","modified_gmt":"2017-04-17T19:48:05","slug":"tragedija-majke-dvoje-dece-slikala-vaskrsnja-jaja-bacila-se-sa-najvise-zgrade-u-paracinu","status":"publish","type":"post","link":"https:\/\/centralmedia.rs\/index.php\/2017\/04\/17\/tragedija-majke-dvoje-dece-slikala-vaskrsnja-jaja-bacila-se-sa-najvise-zgrade-u-paracinu\/","title":{"rendered":"TRAGEDIJA MAJKE DVOJE DECE &#8211; SLIKALA VASKR\u0160NJA JAJA I BACILA SE SA NAJVI\u0160E ZGRADE U PARA\u0106INU"},"content":{"rendered":"<p>PARA\u0106IN-Marija Paunovi\u0107 (31) iz Para\u0107ina sko\u010dila je u smrt sa sedmog sprata najvi\u0161e zgrade u tom gradu, a najverovatniji motiv je sudska presuda po kojoj su, posle razvoda, maloletna daca pripala biv\u0161em suprugu. Pre samoubistva ona je na dru\u0161tevnim mre\u017eama postavila fotografiju ofarbanih jaja. Sve se dogodilo u ve\u010dernjim satima u subotu, a tome je predhodio traumati\u010dan razvod, \u0161to se vidi i po porukama koje je ona ostavljala na dru\u0161tvenim mre\u017eama.<a href=\"https:\/\/centralmedia.rs\/wp-content\/uploads\/2017\/04\/zgrada-u-pn.jpg\"><img loading=\"lazy\" decoding=\"async\" class=\"alignleft size-medium wp-image-7634\" src=\"https:\/\/centralmedia.rs\/wp-content\/uploads\/2017\/04\/zgrada-u-pn-225x300.jpg\" alt=\"\" width=\"225\" height=\"300\" srcset=\"https:\/\/centralmedia.rs\/wp-content\/uploads\/2017\/04\/zgrada-u-pn-225x300.jpg 225w, https:\/\/centralmedia.rs\/wp-content\/uploads\/2017\/04\/zgrada-u-pn.jpg 720w\" sizes=\"(max-width: 225px) 100vw, 225px\" \/><\/a><\/p>\n<p>-Da li sam ja kriva za to, kad sam molila, preklinjala. Ne \u017eelim da idem bez dece,a ipak bila vu\u010dena po celoj ku\u0107i sna\u017enim rukama koje su me izbacivale. To je bolelo i fizi\u010dki i psihi\u010dki&#8230;Da li sam ja kriva za to \u0161to me je uvek bilo posle toga strah da bilo \u0161ta ka\u017eem.Da li sam kriva za to \u0161to sam imala strah i od male svadjice,koja bi zavr\u0161ila pretnjom, izlazi napolje,da li sam kriva za sna\u017ene ruke koje su napravile modrice na mojim rukama&#8230;da li mo\u017ee tako da se \u017eivi normalno bez straha. Da li sam ja kriva \u0161to sam izabrala da ne \u017eelim vi\u0161e tako?Da li je pravedno da deca sada nisu pored mene, pisala je ona posle sudske presude po kojoj su deca pripala biv\u0161em suprugu.<\/p>\n<p>Ona sko\u010dila sa sedmog sprata zgrade koju \u010disti, te je stanarima bila poznata.\u00a0 Bila je anga\u017eovana u agenciji za \u010di\u0161\u0107enje &#8220;Ema plus&#8221; koja je odr\u017eavala tu zgradu, njeno prisustvo nije bilo \u010dudno stanarima.<\/p>\n<figure id=\"attachment_7635\" aria-describedby=\"caption-attachment-7635\" style=\"width: 293px\" class=\"wp-caption alignleft\"><a href=\"https:\/\/centralmedia.rs\/wp-content\/uploads\/2017\/04\/maria-paunovic-fb.jpg\"><img loading=\"lazy\" decoding=\"async\" class=\"size-medium wp-image-7635\" src=\"https:\/\/centralmedia.rs\/wp-content\/uploads\/2017\/04\/maria-paunovic-fb-293x300.jpg\" alt=\"\" width=\"293\" height=\"300\" srcset=\"https:\/\/centralmedia.rs\/wp-content\/uploads\/2017\/04\/maria-paunovic-fb-293x300.jpg 293w, https:\/\/centralmedia.rs\/wp-content\/uploads\/2017\/04\/maria-paunovic-fb.jpg 479w\" sizes=\"(max-width: 293px) 100vw, 293px\" \/><\/a><figcaption id=\"caption-attachment-7635\" class=\"wp-caption-text\">Marija Paunovi\u0107<\/figcaption><\/figure>\n<p>-Nije me sramota \u0161to \u0107e mi ruke biti prljave od rada. Na taj na\u010din \u0107u stvoriti uslove za svoju decu,\u010dasno i po\u0161teno, bori\u0107u se i dalje, pisala je Marija ispod fotografija sa svojom decom.<\/p>\n<p>Ona se posle razvoda iz Para\u0107in preselila kod roditelja u selu Tekija, kod biv\u0161eg supruga je ostalo da \u017eivi njeno dvoje maloletne dece, sin do dvanaest godina i \u0107erka od osam. Odvajanje od dece joj je veoma te\u0161ko palo.<\/p>\n<p>-Devoj\u010dica je doskoro igrala folklor u Dankovu. \u010culi smo da majka ima neke psihi\u010dke probleme, ali sa nama u dru\u0161tvu bila povu\u010dena, pri\u010dala kada je ne\u0161to pitamo. Ranije je imala \u010deste probleme sa suprugom, odnosno sva\u0111e i rasprave, zato se razvela. \u010cekala je kona\u010dnu odluku, posle razvoda, suda o starateljstvu nad decom. Pretpostavljamo da je kona\u010dna odluka da deca pripadnu ocu, bila okida\u010d da izvr\u0161i samoubistvo. Niko nije mogao da nasluti da \u0107e ona tako ne\u0161to da uradi, jer je bila uporna u tome da uzme decu kod sebe. Za vreme razvoda deca su bila kod oca, ka\u017eu me\u0161tani para\u0107inskog naselja Dankovo.<\/p>\n<p>Oni dodaju da je Marijin njen biv\u0161i suprug strog \u010dovek. Posle razvoda on je premestio \u0107erku u drugi folklor u Para\u0107inu.<\/p>\n<p>-Njeni snovi su i moji,a moj san je da ostvarim njene snove\u2026nepravdu da do\u017eivljavas ne\u0107e\u0161,jos si mala za to,nastavi\u0107e\u0161 da trenira\u0161 ono sto voli\u0161 i gde voli\u0161, pisala je Marija na dru\u0161tevnim mre\u017eama posle preme\u0161tanja \u0107erke u drugi folklor.<\/p>\n<p>Pored toga, Marija ostavlja poruke koju su oslikavale te\u0161ko stanje u kome se nalazila.<\/p>\n<p>-Svaka slika jedna uspomena na nesto lepo &#8230;svaka slika koja je uspomena je ponekad mnogo bolna,volim te pile moje i bori\u0107u se za vas do kraja. Nek se zna ne\u0107u odustati,iako sada nemam uslova,i moje suze ce pro\u0107i,i ako nema pravde u ovom svetu verova\u0107u u boga, pisala je Marija.<\/p>\n<p>-Tuge postoje da bi proizvele smeh, pi\u0161e ispod jedne od fotografija san je i dece, pi\u0161e u jednom od poslednjih Marijinih objava.<\/p>\n","protected":false},"excerpt":{"rendered":"<p>PARA\u0106IN-Marija Paunovi\u0107 (31) iz Para\u0107ina sko\u010dila je u smrt sa sedmog sprata najvi\u0161e zgrade u tom gradu, a najverovatniji motiv je sudska presuda po kojoj &hellip; <\/p>\n","protected":false},"author":4,"featured_media":7633,"comment_status":"open","ping_status":"open","sticky":false,"template":"","format":"standard","meta":{"footnotes":""},"categories":[1524,20,2,1516],"tags":[1851,156,1849,1850],"_links":{"self":[{"href":"https:\/\/centralmedia.rs\/index.php\/wp-json\/wp\/v2\/posts\/7631"}],"collection":[{"href":"https:\/\/centralmedia.rs\/index.php\/wp-json\/wp\/v2\/posts"}],"about":[{"href":"https:\/\/centralmedia.rs\/index.php\/wp-json\/wp\/v2\/types\/post"}],"author":[{"embeddable":true,"href":"https:\/\/centralmedia.rs\/index.php\/wp-json\/wp\/v2\/users\/4"}],"replies":[{"embeddable":true,"href":"https:\/\/centralmedia.rs\/index.php\/wp-json\/wp\/v2\/comments?post=7631"}],"version-history":[{"count":0,"href":"https:\/\/centralmedia.rs\/index.php\/wp-json\/wp\/v2\/posts\/7631\/revisions"}],"wp:featuredmedia":[{"embeddable":true,"href":"https:\/\/centralmedia.rs\/index.php\/wp-json\/wp\/v2\/media\/7633"}],"wp:attachment":[{"href":"https:\/\/centralmedia.rs\/index.php\/wp-json\/wp\/v2\/media?parent=7631"}],"wp:term":[{"taxonomy":"category","embeddable":true,"href":"https:\/\/centralmedia.rs\/index.php\/wp-json\/wp\/v2\/categories?post=7631"},{"taxonomy":"post_tag","embeddable":true,"href":"https:\/\/centralmedia.rs\/index.php\/wp-json\/wp\/v2\/tags?post=7631"}],"curies":[{"name":"wp","href":"https:\/\/api.w.org\/{rel}","templated":true}]}}