{"id":7646,"date":"2017-04-18T20:53:31","date_gmt":"2017-04-18T20:53:31","guid":{"rendered":"http:\/\/centralmedia.rs\/?p=7646"},"modified":"2017-04-18T20:53:31","modified_gmt":"2017-04-18T20:53:31","slug":"marcelo-na-fakultetu-pedagoskih-nauka-izbori-su-gotovi-usmeriti-topove-na-prave-mete","status":"publish","type":"post","link":"https:\/\/centralmedia.rs\/index.php\/2017\/04\/18\/marcelo-na-fakultetu-pedagoskih-nauka-izbori-su-gotovi-usmeriti-topove-na-prave-mete\/","title":{"rendered":"Mar\u010delo na Fakultetu pedago\u0161kih nauka &#8211; IZBORI SU GOTOVI, USMERITI TOPOVE NA PRAVE METE"},"content":{"rendered":"<p>Na Fakultetu pedago\u0161kih nauka u Jagodini danas je pisac i muzi\u010dar Marko \u0160eli\u0107 Mar\u010delo izrazio zadovoljstvo \u0161to je opet na ovom fakultetu, me\u0111u poznatom publikom. Povod je bio razgovor o knjizi \u201eMalterego\u201c \u0161to je on iskoristtio da napravi selfi, podvukav\u0161i u \u0161aljvom tonu, ali potpuno u duhu sukoba fikcije i jave u \u201eMalteregu\u201c, da \u201eako nije na Instagramu, onda se nije ni desilo\u201c.<a href=\"https:\/\/centralmedia.rs\/wp-content\/uploads\/2017\/04\/marcelo-1.jpg\"><img loading=\"lazy\" decoding=\"async\" class=\"aligncenter size-full wp-image-7648\" src=\"https:\/\/centralmedia.rs\/wp-content\/uploads\/2017\/04\/marcelo-1.jpg\" alt=\"\" width=\"900\" height=\"675\" srcset=\"https:\/\/centralmedia.rs\/wp-content\/uploads\/2017\/04\/marcelo-1.jpg 900w, https:\/\/centralmedia.rs\/wp-content\/uploads\/2017\/04\/marcelo-1-300x225.jpg 300w, https:\/\/centralmedia.rs\/wp-content\/uploads\/2017\/04\/marcelo-1-768x576.jpg 768w, https:\/\/centralmedia.rs\/wp-content\/uploads\/2017\/04\/marcelo-1-80x60.jpg 80w, https:\/\/centralmedia.rs\/wp-content\/uploads\/2017\/04\/marcelo-1-265x198.jpg 265w\" sizes=\"(max-width: 900px) 100vw, 900px\" \/><\/a><\/p>\n<p>Govore\u0107i o \u201erimejku\u201c ove \u017eanrovski hibridne i mozai\u010dke knjige, autor je posebno naglasio svoje duboko uverenje da je 20. vek vek \u017eanra, ali da sa 21. vekom nastupa era autora koji je \u201elevak\u201c \u2013 u njega se slivaju i forme i sam \u017eivot rezultiraju\u0107i novom, eklekti\u010dnom i neukalupljenom knji\u017eevno\u0161\u0107u.\u00a0Razgovor je nu\u017eno izazvao i pitanja o dana\u0161njim \u010ditala\u010dkim navikama i dominaciji nekvalitetne literature, na \u0161ta je Mar\u010delo odgovorio: \u201eTo da li neko \u010dita ne\u0161to \u0161to nije knji\u017eevnost je njegov izbor napravljen u dru\u0161tvenom i kulturnom kontekstu kakav jeste. Ako nekome ko u\u017eiva u takvoj literaturi date Gorana Petrovi\u0107a ili Albaharija u ruke, ne o\u010dekujte da \u0107e se preobratiti u kvalitetnog \u010ditaoca za deset minuta. U tom trenutku izbori su ve\u0107 u\u010dinjeni, gotovi su\u201c. Oni koji \u017eele da pi\u0161u moraju da znaju da \u010ditalac emocionalno investira dok \u010dita i da se ne sme \u201ezamajavati\u201c delom bez plana. U tom smislu, ali i tematski, motivski i stilski savetovao je da se \u201etopovi usmere na prave mete\u201c su\u017eavanjem ovih \u201esredstava\u201c jer, kako je rekao, eklekti\u010dnost i \u017eanrovska fluidnost dela ne smeju se pojednostavljeno razumeti kao mogu\u0107nost pravljenja papazjanije. Ulogu moderatora imao je docent Fakulteta, dr Marko \u0110or\u0111evi\u0107, a o knjizi su, pored autora, govorili i dr Maja Dimitrijevi\u0107 i gost Pavle Zeli\u0107, koji\u00a0 istakao da je ogromna odgovornost govoriti pred budu\u0107im u\u010diteljima, vaspita\u010dima, liderima u obrazovanju.<\/p>\n<p>&nbsp;<\/p>\n","protected":false},"excerpt":{"rendered":"<p>Na Fakultetu pedago\u0161kih nauka u Jagodini danas je pisac i muzi\u010dar Marko \u0160eli\u0107 Mar\u010delo izrazio zadovoljstvo \u0161to je opet na ovom fakultetu, me\u0111u poznatom publikom. &hellip; <\/p>\n","protected":false},"author":4,"featured_media":7647,"comment_status":"open","ping_status":"open","sticky":false,"template":"","format":"standard","meta":{"footnotes":""},"categories":[1524,2,1514,15,12],"tags":[269,58,725],"_links":{"self":[{"href":"https:\/\/centralmedia.rs\/index.php\/wp-json\/wp\/v2\/posts\/7646"}],"collection":[{"href":"https:\/\/centralmedia.rs\/index.php\/wp-json\/wp\/v2\/posts"}],"about":[{"href":"https:\/\/centralmedia.rs\/index.php\/wp-json\/wp\/v2\/types\/post"}],"author":[{"embeddable":true,"href":"https:\/\/centralmedia.rs\/index.php\/wp-json\/wp\/v2\/users\/4"}],"replies":[{"embeddable":true,"href":"https:\/\/centralmedia.rs\/index.php\/wp-json\/wp\/v2\/comments?post=7646"}],"version-history":[{"count":0,"href":"https:\/\/centralmedia.rs\/index.php\/wp-json\/wp\/v2\/posts\/7646\/revisions"}],"wp:featuredmedia":[{"embeddable":true,"href":"https:\/\/centralmedia.rs\/index.php\/wp-json\/wp\/v2\/media\/7647"}],"wp:attachment":[{"href":"https:\/\/centralmedia.rs\/index.php\/wp-json\/wp\/v2\/media?parent=7646"}],"wp:term":[{"taxonomy":"category","embeddable":true,"href":"https:\/\/centralmedia.rs\/index.php\/wp-json\/wp\/v2\/categories?post=7646"},{"taxonomy":"post_tag","embeddable":true,"href":"https:\/\/centralmedia.rs\/index.php\/wp-json\/wp\/v2\/tags?post=7646"}],"curies":[{"name":"wp","href":"https:\/\/api.w.org\/{rel}","templated":true}]}}