{"id":7650,"date":"2017-04-19T10:21:30","date_gmt":"2017-04-19T10:21:30","guid":{"rendered":"http:\/\/centralmedia.rs\/?p=7650"},"modified":"2017-04-19T10:53:23","modified_gmt":"2017-04-19T10:53:23","slug":"tragicna-smrt-majke-dvoje-dece-potresa-paracin-samo-desetospratnica-tajnu-zna","status":"publish","type":"post","link":"https:\/\/centralmedia.rs\/index.php\/2017\/04\/19\/tragicna-smrt-majke-dvoje-dece-potresa-paracin-samo-desetospratnica-tajnu-zna\/","title":{"rendered":"TRAGI\u010cNA SMRT MAJKE DVOJE DECE POTRESA PARA\u0106IN-SAMO DESETOSPRATNICA TAJNU ZNA"},"content":{"rendered":"<p>PARA\u0106IN-Tragi\u010dna smrt Marije Paunovi\u0107 (31) iz Para\u0107ina, koja izvr\u0161ila samoubistvo skokom sa sedmog sprata, jo\u0161 uvek potresa grad na Crnici. Roditelji i sestra pokojne Marije zahtevaju da se pokrene istraga o tome \u0161ta je predhodilo samoubistvu i optu\u017euju njenog biv\u0161eg supruga Sa\u0161u Paunovi\u0107a (36), dok on najavljuje tu\u017ebu protiv medija, demantuje sve spekulacije njene porodice i ka\u017ee da ju je nagovarao da se vrati deci i ku\u0107i. Starateljstvo o njihovo dvoje dece od trinaest i devet godina prema odluci suda dobio je suprug. U Centru za socijalni rad nisu \u017eeleli da komentari\u0161u ovu tragi\u010dnu situaciju, ve\u0107 su kratko kazali procena je ra\u0111ena po zakonskoj proceduri i u interesu dece.<\/p>\n<figure id=\"attachment_7652\" aria-describedby=\"caption-attachment-7652\" style=\"width: 300px\" class=\"wp-caption alignleft\"><a href=\"https:\/\/centralmedia.rs\/wp-content\/uploads\/2017\/04\/marijina-sestra-dijana-i-majka-persida-1.jpg\"><img loading=\"lazy\" decoding=\"async\" class=\"size-medium wp-image-7652\" src=\"https:\/\/centralmedia.rs\/wp-content\/uploads\/2017\/04\/marijina-sestra-dijana-i-majka-persida-1-300x225.jpg\" alt=\"\" width=\"300\" height=\"225\" srcset=\"https:\/\/centralmedia.rs\/wp-content\/uploads\/2017\/04\/marijina-sestra-dijana-i-majka-persida-1-300x225.jpg 300w, https:\/\/centralmedia.rs\/wp-content\/uploads\/2017\/04\/marijina-sestra-dijana-i-majka-persida-1-768x576.jpg 768w, https:\/\/centralmedia.rs\/wp-content\/uploads\/2017\/04\/marijina-sestra-dijana-i-majka-persida-1-80x60.jpg 80w, https:\/\/centralmedia.rs\/wp-content\/uploads\/2017\/04\/marijina-sestra-dijana-i-majka-persida-1-265x198.jpg 265w, https:\/\/centralmedia.rs\/wp-content\/uploads\/2017\/04\/marijina-sestra-dijana-i-majka-persida-1.jpg 900w\" sizes=\"(max-width: 300px) 100vw, 300px\" \/><\/a><figcaption id=\"caption-attachment-7652\" class=\"wp-caption-text\">Marijina sestra Dijana i majka Persida<\/figcaption><\/figure>\n<p>-Insistira\u0107emo da policija sprovede istragu o tome \u0161ta je predhodilo Marijinom samoubistvu. Da se sve poruke iz telefona ,,izvade\u201d i vidi sa kim je komunicirala. Ona je policiji prijavljivala supruga zbog nasilja u porodici od 2012. godine,\u0161ta je bilo sam tim slu\u010dajevima. Centar za socijalni rad je decu dodelio njenom suprugu, zbog Marijine bolesti. Ona je mogla da ih vi\u0111a \u0161est sati nedeljno. \u017delimo da vi\u0111amo decu, jer kao porodica imamo pravo na to. Deca su mi poslala poruku da do\u0111u na groblje. Skamenila sam se i odgovorila ,,naravno da mo\u017eete\u201d. Htela sam da uzmem decu i da ih vodim na groblje, jer nisu bili na sahrani. Zahtevali smo decu od policije, ali su nas uputili u Centar za socijalni rad gde su nam kazali da ih uznemiravamo i da ,,nismo mi krpe da vi sa nama bri\u0161te pod\u201d, zatim su pozvali obezbe\u0111enje, pri\u010da Marijina sestra Dijana.<\/p>\n<figure id=\"attachment_7653\" aria-describedby=\"caption-attachment-7653\" style=\"width: 300px\" class=\"wp-caption alignright\"><a href=\"https:\/\/centralmedia.rs\/wp-content\/uploads\/2017\/04\/marijin-otac-nenad.jpg\"><img loading=\"lazy\" decoding=\"async\" class=\"size-medium wp-image-7653\" src=\"https:\/\/centralmedia.rs\/wp-content\/uploads\/2017\/04\/marijin-otac-nenad-300x225.jpg\" alt=\"\" width=\"300\" height=\"225\" srcset=\"https:\/\/centralmedia.rs\/wp-content\/uploads\/2017\/04\/marijin-otac-nenad-300x225.jpg 300w, https:\/\/centralmedia.rs\/wp-content\/uploads\/2017\/04\/marijin-otac-nenad-768x576.jpg 768w, https:\/\/centralmedia.rs\/wp-content\/uploads\/2017\/04\/marijin-otac-nenad-80x60.jpg 80w, https:\/\/centralmedia.rs\/wp-content\/uploads\/2017\/04\/marijin-otac-nenad-265x198.jpg 265w, https:\/\/centralmedia.rs\/wp-content\/uploads\/2017\/04\/marijin-otac-nenad.jpg 900w\" sizes=\"(max-width: 300px) 100vw, 300px\" \/><\/a><figcaption id=\"caption-attachment-7653\" class=\"wp-caption-text\">Marijin otac Nenad<\/figcaption><\/figure>\n<blockquote><p>Marijina majka Persida ka\u017ee da je Sa\u0161a bio strah i trepet za porodicu i da su svi morali da \u0107ute kada u\u0111e u ku\u0107u.<\/p>\n<p>-Isterao je Mariju iz ku\u0107e na minus 20, to je bilo 11. januara. Maltretirao je psihi\u010dki, nije smela da govori ili da se dopisuje sa sestrom. Vr\u0161io je torturu nad \u017eenom i decom.vi\u0161e puta sam ih zaticala u ku\u0107i zaklju\u010dane u ku\u0107i, kucam na vrata, a ona mi ka\u017ee ,,on kada po\u0111e na posao zaklju\u010da vrata\u201d. Posle presude kazala nam je da \u0107e da podnese \u017ealbu na sudsku presudu, ni\u0161ta nije ukazivalo da \u0107e da digne ruku na sebe, kazala je majka Persida.<\/p><\/blockquote>\n<p>Suprugu Sa\u0161i bio zabranjen dolazak na Marijinu sahranu. On je posle sahrane u selu Tekija, kri\u0161om sa prijateljem, oti\u0161ao je na Marijin grob i odneo venac sa napisom na kome su i imena dece.<\/p>\n<figure id=\"attachment_7654\" aria-describedby=\"caption-attachment-7654\" style=\"width: 300px\" class=\"wp-caption alignleft\"><a href=\"https:\/\/centralmedia.rs\/wp-content\/uploads\/2017\/04\/sasa-1.jpg\"><img loading=\"lazy\" decoding=\"async\" class=\"size-medium wp-image-7654\" src=\"https:\/\/centralmedia.rs\/wp-content\/uploads\/2017\/04\/sasa-1-300x225.jpg\" alt=\"\" width=\"300\" height=\"225\" srcset=\"https:\/\/centralmedia.rs\/wp-content\/uploads\/2017\/04\/sasa-1-300x225.jpg 300w, https:\/\/centralmedia.rs\/wp-content\/uploads\/2017\/04\/sasa-1-768x576.jpg 768w, https:\/\/centralmedia.rs\/wp-content\/uploads\/2017\/04\/sasa-1-80x60.jpg 80w, https:\/\/centralmedia.rs\/wp-content\/uploads\/2017\/04\/sasa-1-265x198.jpg 265w, https:\/\/centralmedia.rs\/wp-content\/uploads\/2017\/04\/sasa-1.jpg 900w\" sizes=\"(max-width: 300px) 100vw, 300px\" \/><\/a><figcaption id=\"caption-attachment-7654\" class=\"wp-caption-text\">Marijin biv\u0161i suprug Sa\u0161a<\/figcaption><\/figure>\n<p>&#8211; Zvali smo da idemo na sahranu, me\u0111utim, vre\u0111ali su nas i pretili. Oni su hteli samo da deca prisustvuju sahrani, ali deca nisu htela. Jako su potre\u0161eni. Sa decom i \u010dlanovima porodice pomolili smo se bogu i upalili sve\u0107e u crkvi. Pre\u0107eno je smr\u0107u meni i moj porodici. Marija se odlu\u010dila na razvod, ne znam razlog. Doga\u0111ale su se bra\u010dne sva\u0111e, ali samo je odjednom rekla ,,ne mogu vi\u0161e ovako da \u017eivim&#8221;. Centar za socijalni rad i sud su doneli odluku da meni pripadne starateljstvo nad decom. Nije istina da se nije vi\u0111ala sa decom i da to nisam dozvoljavao, naprotiv. Za Uskrs je pitala da deca idu u Tekiju, ali deca nisu htela zbog njenog oca, rekao sam joj da do\u0111e kod nas ili da decu izvede u grad, pri\u010da Sa\u0161a Paunovi\u0107.<\/p>\n<blockquote><p>Marijina Svekrva Milica posebno isti\u010de da se nikada nisu posva\u0111ale, pri\u010dala je samo kada je pita ne\u0161to i da je ona jako dobra osoba, te da ona ne bi dozvolila da neko digne ruku na nju. Ona tako\u0111e navela da je Marijin otac\u00a0 bio u grad kada se ona bacila sa zgrade,da se predhodno sva\u0111ao sa njom, te da ju je pratio. Trinestogodi\u0161nji de\u010dak je imao problema sa dedom u komunikaciji i socijalnim radnicima rekao je da ne\u00a0 \u017eeli da ide da \u017eivi sa majkom u Tekiji.<\/p><\/blockquote>\n<p>Sa\u0161a ka\u017ee da se nadao, \u010dekao dan kada \u0107e Marija da se vrati ku\u0107i, \u010dak je preuzeo sve tro\u0161kove su\u0111enja.<\/p>\n<figure id=\"attachment_7655\" aria-describedby=\"caption-attachment-7655\" style=\"width: 300px\" class=\"wp-caption alignright\"><a href=\"https:\/\/centralmedia.rs\/wp-content\/uploads\/2017\/04\/marija-i-sasa.jpg\"><img loading=\"lazy\" decoding=\"async\" class=\"size-medium wp-image-7655\" src=\"https:\/\/centralmedia.rs\/wp-content\/uploads\/2017\/04\/marija-i-sasa-300x225.jpg\" alt=\"\" width=\"300\" height=\"225\" srcset=\"https:\/\/centralmedia.rs\/wp-content\/uploads\/2017\/04\/marija-i-sasa-300x225.jpg 300w, https:\/\/centralmedia.rs\/wp-content\/uploads\/2017\/04\/marija-i-sasa-768x576.jpg 768w, https:\/\/centralmedia.rs\/wp-content\/uploads\/2017\/04\/marija-i-sasa-80x60.jpg 80w, https:\/\/centralmedia.rs\/wp-content\/uploads\/2017\/04\/marija-i-sasa-265x198.jpg 265w, https:\/\/centralmedia.rs\/wp-content\/uploads\/2017\/04\/marija-i-sasa.jpg 900w\" sizes=\"(max-width: 300px) 100vw, 300px\" \/><\/a><figcaption id=\"caption-attachment-7655\" class=\"wp-caption-text\">Marija i Sa\u0161a pre godinu i po<\/figcaption><\/figure>\n<p>-Bila je vezana za decu, o\u010dekivao sam da do\u0111e za Uskrs. Do razvoda sam joj slao poruke da se vrati, stotine poruka. Nismo se \u010duli pre tragedije, tog dana. Sa sinom sam bio u \u010ca\u010dku na karate turniru. \u010cula se sa sinom oko 16 sati, pitala ga je kada \u0107emo da se vidimo sutra, on je odgovorio da \u0107e uve\u010de da se dogovore. Oko 20 sati me je pozvala policija da identifikujem Marijino telo, pri\u010da Sa\u0161a.<\/p>\n<blockquote><p>&nbsp;<\/p><\/blockquote>\n","protected":false},"excerpt":{"rendered":"<p>PARA\u0106IN-Tragi\u010dna smrt Marije Paunovi\u0107 (31) iz Para\u0107ina, koja izvr\u0161ila samoubistvo skokom sa sedmog sprata, jo\u0161 uvek potresa grad na Crnici. Roditelji i sestra pokojne Marije &hellip; <\/p>\n","protected":false},"author":4,"featured_media":7651,"comment_status":"open","ping_status":"open","sticky":false,"template":"","format":"standard","meta":{"footnotes":""},"categories":[1524,20,2,1516],"tags":[156,312,1855,1854],"_links":{"self":[{"href":"https:\/\/centralmedia.rs\/index.php\/wp-json\/wp\/v2\/posts\/7650"}],"collection":[{"href":"https:\/\/centralmedia.rs\/index.php\/wp-json\/wp\/v2\/posts"}],"about":[{"href":"https:\/\/centralmedia.rs\/index.php\/wp-json\/wp\/v2\/types\/post"}],"author":[{"embeddable":true,"href":"https:\/\/centralmedia.rs\/index.php\/wp-json\/wp\/v2\/users\/4"}],"replies":[{"embeddable":true,"href":"https:\/\/centralmedia.rs\/index.php\/wp-json\/wp\/v2\/comments?post=7650"}],"version-history":[{"count":0,"href":"https:\/\/centralmedia.rs\/index.php\/wp-json\/wp\/v2\/posts\/7650\/revisions"}],"wp:featuredmedia":[{"embeddable":true,"href":"https:\/\/centralmedia.rs\/index.php\/wp-json\/wp\/v2\/media\/7651"}],"wp:attachment":[{"href":"https:\/\/centralmedia.rs\/index.php\/wp-json\/wp\/v2\/media?parent=7650"}],"wp:term":[{"taxonomy":"category","embeddable":true,"href":"https:\/\/centralmedia.rs\/index.php\/wp-json\/wp\/v2\/categories?post=7650"},{"taxonomy":"post_tag","embeddable":true,"href":"https:\/\/centralmedia.rs\/index.php\/wp-json\/wp\/v2\/tags?post=7650"}],"curies":[{"name":"wp","href":"https:\/\/api.w.org\/{rel}","templated":true}]}}