{"id":7667,"date":"2017-04-20T20:18:19","date_gmt":"2017-04-20T20:18:19","guid":{"rendered":"http:\/\/centralmedia.rs\/?p=7667"},"modified":"2017-04-20T20:18:19","modified_gmt":"2017-04-20T20:18:19","slug":"apelvranjanci-slozno-uz-obolelu-majku-cetvoromesecnog-malisana","status":"publish","type":"post","link":"https:\/\/centralmedia.rs\/index.php\/2017\/04\/20\/apelvranjanci-slozno-uz-obolelu-majku-cetvoromesecnog-malisana\/","title":{"rendered":"APEL:Vranjanci slo\u017eno uz obolelu majku \u010detvoromese\u010dnog mali\u0161ana"},"content":{"rendered":"<p>VRANJE-U akciju za pomo\u0107 Miljani Risti\u0107 Stankovi\u0107, oboleloj od te\u0161kog oblika leukemije, uklju\u010dili se njeni sugra\u0111ani iz Vranja, gimnazijalci, ali i gradsko rukovodstvo. Ona je ina\u010de ro\u0111ena Jagodinka i \u017eivela je u tom gradu do udaje. Trenutno nalazi u Ni\u0161u, gde je zapo\u010deta prva faza le\u010denja agresivnom hemoterapijom.<\/p>\n<figure id=\"attachment_7638\" aria-describedby=\"caption-attachment-7638\" style=\"width: 960px\" class=\"wp-caption aligncenter\"><a href=\"https:\/\/centralmedia.rs\/wp-content\/uploads\/2017\/04\/foto-5.jpg\"><img loading=\"lazy\" decoding=\"async\" class=\"size-full wp-image-7638\" src=\"https:\/\/centralmedia.rs\/wp-content\/uploads\/2017\/04\/foto-5.jpg\" alt=\"\" width=\"960\" height=\"640\" srcset=\"https:\/\/centralmedia.rs\/wp-content\/uploads\/2017\/04\/foto-5.jpg 960w, https:\/\/centralmedia.rs\/wp-content\/uploads\/2017\/04\/foto-5-300x200.jpg 300w, https:\/\/centralmedia.rs\/wp-content\/uploads\/2017\/04\/foto-5-768x512.jpg 768w\" sizes=\"(max-width: 960px) 100vw, 960px\" \/><\/a><figcaption id=\"caption-attachment-7638\" class=\"wp-caption-text\">Miljana i Vuka\u0161in<\/figcaption><\/figure>\n<p>&#8211; Prva faza le\u010denja je u Srbiji i najva\u017enije je da ona dobro podnese hemioterapiju, a nakon toga bi se radila transplantacija. Za sada povratne informacije dobijamo samo iz Nema\u010dke. Poku\u0161avamo da stupimo u kontakt i sa klinikama u Italiji. Svaki dan je bitan za Miljanu &#8211; obja\u0161njava njen suprug Marko.<a href=\"https:\/\/centralmedia.rs\/wp-content\/uploads\/2017\/04\/foto.jpg\"><img loading=\"lazy\" decoding=\"async\" class=\"alignleft size-full wp-image-7640\" src=\"https:\/\/centralmedia.rs\/wp-content\/uploads\/2017\/04\/foto.jpg\" alt=\"\" width=\"260\" height=\"260\" srcset=\"https:\/\/centralmedia.rs\/wp-content\/uploads\/2017\/04\/foto.jpg 260w, https:\/\/centralmedia.rs\/wp-content\/uploads\/2017\/04\/foto-150x150.jpg 150w\" sizes=\"(max-width: 260px) 100vw, 260px\" \/><\/a><\/p>\n<p>Posle saznanja da je Miljani hitno potrebna intevencija u inostranstvu, koja je veoma skupa i zahtevna, Gradsko ve\u0107e Grada Vranja je opredelilo iznos od 500.000 dinara \u2013 izjavio je gradona\u010delnik Slobodan Milenkovi\u0107.\u00a0Nov\u010danu podr\u0161ku pru\u017ei\u0107e i gradona\u010delnik i na\u010delnik Gradske uprave sa zamenicima, pomo\u0107nici gradona\u010delnika i \u010dlanovi Gradskog ve\u0107a.<\/p>\n<p>Stanovnici jednog od najsiroma\u0161nijih gradova u Srbiji ovih dana pokazuju humanost na delu u \u0161irokoj akciji pomo\u0107i Miljani Stankovi\u0107 Risti\u0107, kojoj je nedugo nakon poro\u0111aja dijagnostifikovana akutna mijeloblastna leukemija (AML).Zbog specifi\u010dnosti ove te\u0161ke bolesti i njenog progresivnog napredovanja, le\u010denje koje je zapo\u010deto u Srbiji, mora da se nastavi presa\u0111ivanjem kostne sr\u017ei u inostranstvu, koje ko\u0161ta oko 150.000 evra.Kako Miljanina porodica nije u mogu\u0107nosti da obezbedi ovoliki novac, u Vranju je pokrenuta akcija za pomo\u0107 mladoj majci. Najpre se na dru\u0161tvenim mre\u017eama pro\u0161irio apel Vranjancima da pomognu u granicama svojih mogu\u0107nosti, a onda je u akciju krenulo i gradsko rukovodstvo.\u00a0Milenkovi\u0107 je uputio apel svim gradskim javnim preduze\u0107ima i ustanovama, republi\u010dkim institucijama, privrednicima i dru\u0161tveno &#8211; odgovornim pojedincima, da se uklju\u010de u akciju i podr\u017ee Miljaninu borbu. Apelu su se ve\u0107 odazvali javna preduze\u0107a Vodovod, Komrad, Novi dom i Pred\u0161kolska ustanova\u00a0&#8221;Na\u0161e dete&#8221;, a o\u010dekuje se uklju\u010divanje i sindikalnih organizacija. U pomo\u0107 priti\u010du i ovda\u0161nji gimnazijalci, koji su za utorak najavili organizaciju humanitarnog turnira u malom fudbalu, sa kojeg \u0107e sav prihod i\u0107i na namenski ra\u010dun.\u00a0Kako je vreme od presudne va\u017enosti u borbi protiv ove opake bolesti, svi koji \u017eele i\u00a0ho\u0107e\u00a0da pomognu, novac moguda uplate na:<\/p>\n<p>Dinarski ra\u010dun:<br \/>\n160-5300100364761-79<br \/>\n<strong>Devizni ra\u010dun<\/strong><\/p>\n<p>BCITITMM<br \/>\nIntesa Sanpaolo spa<br \/>\nMilano, Italy<\/p>\n<p><strong>DBDBRSBG<\/strong><\/p>\n<p>Banca Intesa ad Beograd<br \/>\nMilentija Popovi\u0107a 7b, 11070 Novi Beograd<br \/>\nRepublic of Serbia<\/p>\n<p>IBAN RS35160543020053512269<\/p>\n<p>Miljana Risti\u0107<br \/>\nKosovska 130, 17501 Vranje<br \/>\nRepublic of Serbia<\/p>\n","protected":false},"excerpt":{"rendered":"<p>VRANJE-U akciju za pomo\u0107 Miljani Risti\u0107 Stankovi\u0107, oboleloj od te\u0161kog oblika leukemije, uklju\u010dili se njeni sugra\u0111ani iz Vranja, gimnazijalci, ali i gradsko rukovodstvo. Ona je &hellip; <\/p>\n","protected":false},"author":4,"featured_media":7639,"comment_status":"open","ping_status":"open","sticky":false,"template":"","format":"standard","meta":{"footnotes":""},"categories":[28,14,2,12],"tags":[1863,58,1852,1862],"_links":{"self":[{"href":"https:\/\/centralmedia.rs\/index.php\/wp-json\/wp\/v2\/posts\/7667"}],"collection":[{"href":"https:\/\/centralmedia.rs\/index.php\/wp-json\/wp\/v2\/posts"}],"about":[{"href":"https:\/\/centralmedia.rs\/index.php\/wp-json\/wp\/v2\/types\/post"}],"author":[{"embeddable":true,"href":"https:\/\/centralmedia.rs\/index.php\/wp-json\/wp\/v2\/users\/4"}],"replies":[{"embeddable":true,"href":"https:\/\/centralmedia.rs\/index.php\/wp-json\/wp\/v2\/comments?post=7667"}],"version-history":[{"count":0,"href":"https:\/\/centralmedia.rs\/index.php\/wp-json\/wp\/v2\/posts\/7667\/revisions"}],"wp:featuredmedia":[{"embeddable":true,"href":"https:\/\/centralmedia.rs\/index.php\/wp-json\/wp\/v2\/media\/7639"}],"wp:attachment":[{"href":"https:\/\/centralmedia.rs\/index.php\/wp-json\/wp\/v2\/media?parent=7667"}],"wp:term":[{"taxonomy":"category","embeddable":true,"href":"https:\/\/centralmedia.rs\/index.php\/wp-json\/wp\/v2\/categories?post=7667"},{"taxonomy":"post_tag","embeddable":true,"href":"https:\/\/centralmedia.rs\/index.php\/wp-json\/wp\/v2\/tags?post=7667"}],"curies":[{"name":"wp","href":"https:\/\/api.w.org\/{rel}","templated":true}]}}