{"id":7672,"date":"2017-04-21T13:54:47","date_gmt":"2017-04-21T13:54:47","guid":{"rendered":"http:\/\/centralmedia.rs\/?p=7672"},"modified":"2017-04-21T13:54:47","modified_gmt":"2017-04-21T13:54:47","slug":"islandjanin-spasavao-srbe-rome-u-drugom-svetskom-ratu","status":"publish","type":"post","link":"https:\/\/centralmedia.rs\/index.php\/2017\/04\/21\/islandjanin-spasavao-srbe-rome-u-drugom-svetskom-ratu\/","title":{"rendered":"ISLAN\u0110ANIN SPA\u0160AVAO SRBE I ROME U DRUGOM SVETSKOM RATU"},"content":{"rendered":"<p>REKOVAC-Predsednik SO Rekovac Goran \u0110or\u0111evi\u0107 i direktor Doma zdravlja dr Dragan Prodanovi\u0107 pokrenuli su inicijativu da se ta zdravstvena ustanova nazove po\u00a0 leva\u010dkom \u00a0lekaru, islan\u0111aninu dr Johanesu Askevoldu Johanesonu. Ina\u010de, \u00a0ulica pored Doma zdravlja u Rekovcu nosi Johanesonovo ime.<\/p>\n<p>-\u010cekamo odgovor konzulta Islanda i ambasade Norve\u0161ke. Smatramo da je ovom mali znak zahvalnosti za rad i doprinos koji je Johanenson dao name kraju. Pored toga, nas povezuje sa Islandom i Norve\u0161kom, te su kontakti u tom smislu dobrodo\u0161li, rekao je dr Prodanovi\u0107.<\/p>\n<p>Ro\u0111en je na Islandu, od oca Norve\u017eanina iz Bergena i majke Islan\u0111anke. Otac mu je bio trgovac u Rejkjaviku. Johan posle studija medicine u Kopenhagenu odlazi u London. Tamo\u00a0 nailazi na oglas u kome su se tra\u017eili lekari, koji bi sa Crvenim krstom oti\u0161li u Srbiju u kojoj je otpo\u010deo rat 1914. godine. U Srbiji mu najbolji prijatelj sa studija umire od tifusa, ali on nastavlja da radi u srpskoj vojsci, i sa njom se povla\u010di preko Albanije do Gr\u010dke.<\/p>\n<figure id=\"attachment_7673\" aria-describedby=\"caption-attachment-7673\" style=\"width: 900px\" class=\"wp-caption aligncenter\"><a href=\"https:\/\/centralmedia.rs\/wp-content\/uploads\/2017\/04\/djordjevic-i-dr-prodanovic.jpg\"><img loading=\"lazy\" decoding=\"async\" class=\"size-full wp-image-7673\" src=\"https:\/\/centralmedia.rs\/wp-content\/uploads\/2017\/04\/djordjevic-i-dr-prodanovic.jpg\" alt=\"\" width=\"900\" height=\"629\" srcset=\"https:\/\/centralmedia.rs\/wp-content\/uploads\/2017\/04\/djordjevic-i-dr-prodanovic.jpg 900w, https:\/\/centralmedia.rs\/wp-content\/uploads\/2017\/04\/djordjevic-i-dr-prodanovic-300x210.jpg 300w, https:\/\/centralmedia.rs\/wp-content\/uploads\/2017\/04\/djordjevic-i-dr-prodanovic-768x537.jpg 768w, https:\/\/centralmedia.rs\/wp-content\/uploads\/2017\/04\/djordjevic-i-dr-prodanovic-100x70.jpg 100w\" sizes=\"(max-width: 900px) 100vw, 900px\" \/><\/a><figcaption id=\"caption-attachment-7673\" class=\"wp-caption-text\">Goran \u0110or\u0111evi\u0107 i dr Dragan Prodanovi\u0107<\/figcaption><\/figure>\n<p>Po izbijanju Drugog svetskog rata, priklju\u010duje se partizanskim jedinicama i ve\u0107inu vremena provodi kao lekar u tada\u0161njim glavnim bolnicama ovog pokreta. Sa druge strane, 1944. godine se pominje i kao trupni lekar jedinica JVuO. Uprkos herojskom dr\u017eanju tokom rata, Johan je bio poznat po svojoj skromnosti.<\/p>\n<p>-U islandskim novinama iz 1965. se pojavio zanimljiv \u010dlanak o detalju iz njegovog \u017eivota u Rekovcu, tokom Drugog svetskog rata. U tekstu se govori o tome, kako je u Rekovcu \u017eivelo dosta romske dece, a Nemci su i ovu populaciju, koju su tretirali kao ni\u017ea bi\u0107a ili \u017eivotinje, prebacivali u koncentracione logore. Jednog dana su Nemci do\u0161li do Rekovca u nameri da ih pokupe i odvedu u logor. Jedan od njih je otr\u010dao doktoru Johanesenu da ga moli za pomo\u0107, iako nije znao kako mu ovaj mo\u017ee pomo\u0107i. Doktor je razmi\u0161ljao nekoliko trenutaka, ne zato \u0161to je oklevao u odluci, ve\u0107 na koji na\u010din bi on to mogao sprovesti. Tada je zgrabio svoju doktorsku torbu i veliko par\u010de papira, po\u0161av\u0161i prema ku\u0107i ovih ljudi. Kada su stigli, Nemaca jo\u0161 uvek nije bilo. Uzeo je veliko par\u010de papira i na njemu velikim slovima napisao \u201c\u017dutica, ne dodiruj!!!\u201d Taj papir je zatim zakucao na ulazna vrata. Potom je jednom detetu dao injekciju, od koje je ko\u017ea postajala \u017eu\u0107a i od koje je temperatura rasla, ali nije ostavljala ozbiljnije posledice. Rekao je porodici da se pretvaraju kako su zabrinuti za bolesno dete. Kada je dr. Johanesen oti\u0161ao, Nemci su stigli i opkolili ku\u0107u, kako niko ne bi mogao da pobegne. Kada su primetili upozorenje na ulaznim vratima, okrenuli su se i \u0161to su br\u017ee mogli napustili Rekovac, podsetio je \u0110or\u0111evi\u0107.<\/p>\n<p>On ostaje u Rekovcu gde upoznaje i svoju budu\u0107u suprugu Nadu, kojom se o\u017eenio 1948. godine, a koja mu je bila tre\u0107a \u017eena po redu. Dobijaju \u0107erku Ljubicu. Do\u0161ao je u selo Ratkovi\u0107 pored Rekovca i iako su mu ponu\u0111ena visoka politi\u010dka mesta i lagodniji \u017eivot, on je izabrao da \u017eivi skromno sa svojom porodicom, ne napla\u0107uju\u0107i siroma\u0161nim porodicama zdravstvene usluge. Ovo je samo jedno od herojskih dela doktora Johana Johanesena. On je u\u017eivao posebnu popularnost me\u0111u lokalnim stanovni\u0161tvom jer pored ovakvih dela, siroma\u0161nima nije \u017eeleo da napla\u0107uje le\u010denje. Dr. Johan Askevold Johanesen je umro u Rekovcu 28. februara 1958. godine, a dugo je na grobu ovog leva\u010dkog \u0160indlera narod ostavljao cve\u0107e i govorio da \u201cvra\u0107a dug svom doktoru\u201d.<\/p>\n<p>&nbsp;<\/p>\n","protected":false},"excerpt":{"rendered":"<p>REKOVAC-Predsednik SO Rekovac Goran \u0110or\u0111evi\u0107 i direktor Doma zdravlja dr Dragan Prodanovi\u0107 pokrenuli su inicijativu da se ta zdravstvena ustanova nazove po\u00a0 leva\u010dkom \u00a0lekaru, islan\u0111aninu &hellip; <\/p>\n","protected":false},"author":4,"featured_media":7674,"comment_status":"open","ping_status":"open","sticky":false,"template":"","format":"standard","meta":{"footnotes":""},"categories":[1524,2,23,887,1519,31],"tags":[1864,1866,704,1865],"_links":{"self":[{"href":"https:\/\/centralmedia.rs\/index.php\/wp-json\/wp\/v2\/posts\/7672"}],"collection":[{"href":"https:\/\/centralmedia.rs\/index.php\/wp-json\/wp\/v2\/posts"}],"about":[{"href":"https:\/\/centralmedia.rs\/index.php\/wp-json\/wp\/v2\/types\/post"}],"author":[{"embeddable":true,"href":"https:\/\/centralmedia.rs\/index.php\/wp-json\/wp\/v2\/users\/4"}],"replies":[{"embeddable":true,"href":"https:\/\/centralmedia.rs\/index.php\/wp-json\/wp\/v2\/comments?post=7672"}],"version-history":[{"count":0,"href":"https:\/\/centralmedia.rs\/index.php\/wp-json\/wp\/v2\/posts\/7672\/revisions"}],"wp:featuredmedia":[{"embeddable":true,"href":"https:\/\/centralmedia.rs\/index.php\/wp-json\/wp\/v2\/media\/7674"}],"wp:attachment":[{"href":"https:\/\/centralmedia.rs\/index.php\/wp-json\/wp\/v2\/media?parent=7672"}],"wp:term":[{"taxonomy":"category","embeddable":true,"href":"https:\/\/centralmedia.rs\/index.php\/wp-json\/wp\/v2\/categories?post=7672"},{"taxonomy":"post_tag","embeddable":true,"href":"https:\/\/centralmedia.rs\/index.php\/wp-json\/wp\/v2\/tags?post=7672"}],"curies":[{"name":"wp","href":"https:\/\/api.w.org\/{rel}","templated":true}]}}