{"id":7687,"date":"2017-04-22T20:02:09","date_gmt":"2017-04-22T20:02:09","guid":{"rendered":"http:\/\/centralmedia.rs\/?p=7687"},"modified":"2017-04-22T20:02:09","modified_gmt":"2017-04-22T20:02:09","slug":"cuprijskoj-predstavi-kul-kul-prva-nagrada-na-nacionalnoj-domijadi","status":"publish","type":"post","link":"https:\/\/centralmedia.rs\/index.php\/2017\/04\/22\/cuprijskoj-predstavi-kul-kul-prva-nagrada-na-nacionalnoj-domijadi\/","title":{"rendered":"\u0106UPRIJSKOJ PREDSTAVI ,,KUL. KUL?\u201d PRVA NAGRADA NA NACIONALNOJ DOMIJADI"},"content":{"rendered":"<p>\u0106UPRIJA-Predstava Doma u\u010denika srednih \u0161kola &#8220;Sre\u0107no&#8221; ,,Kul. Kul?\u201d osvojila je ve\u010deras prvu nagradu na nacionaloj Domijadi u Novom Sadu. \u00a0Uspehb je ve\u0107i ako se zna da su predstavu su osmislili i pripremili \u00a0vaspita\u010d-pedagog Marija Miladinovi\u0107 i u\u010denici koji u \u0106upriji poha\u0111aju srednje \u0161kole.<\/p>\n<p><a href=\"https:\/\/centralmedia.rs\/wp-content\/uploads\/2017\/04\/kul-1.jpg\"><img loading=\"lazy\" decoding=\"async\" class=\"alignleft size-medium wp-image-7689\" src=\"https:\/\/centralmedia.rs\/wp-content\/uploads\/2017\/04\/kul-1-300x169.jpg\" alt=\"\" width=\"300\" height=\"169\" srcset=\"https:\/\/centralmedia.rs\/wp-content\/uploads\/2017\/04\/kul-1-300x169.jpg 300w, https:\/\/centralmedia.rs\/wp-content\/uploads\/2017\/04\/kul-1-768x432.jpg 768w, https:\/\/centralmedia.rs\/wp-content\/uploads\/2017\/04\/kul-1.jpg 960w\" sizes=\"(max-width: 300px) 100vw, 300px\" \/><\/a><\/p>\n<p>-Samo dugotrajan, naporan i po\u0161ten rad donosi prave rezultate, rekla je Tatjana Milojevi\u0107. Deca su na prvom mestu. Nekoliko godina unazad stvaramo uslove za njihovo dokazivanje na sportskom, kulturno-umetni\u010dkom i kreativnom polju. Moja nave\u0107a sre\u0107e je pre svega njihov uspeh u \u0161koli. To zna\u010di da smo im na pravi na\u010din omogu\u0107ili da daleko od ku\u0107e i porodice u\u010de i posti\u017eu odli\u010dne rezultate. Ponosna sam na njih i mogu da im obe\u0107am da \u0107emo zajedni\u010dkim snagama nastaviti da uredjujemo na\u0161 &#8220;Mali dom velikog srca&#8221;, kako bismo se svi u njemu ose\u0107ali &#8220;kao kod ku\u0107e&#8221; i ostvarivali jo\u0161 bolje uspehe na svim poljima &#8211; naglasila je direktorka Milojevi\u0107.<\/p>\n<p>Ona se zahvalila i kompletnom vaspita\u010dkom kadru koji je imao sluha za de\u010dije potrebe i sproveo ih u delo.<\/p>\n<p><a href=\"https:\/\/centralmedia.rs\/wp-content\/uploads\/2017\/04\/kul-3.jpg\"><img loading=\"lazy\" decoding=\"async\" class=\"alignleft size-medium wp-image-7690\" src=\"https:\/\/centralmedia.rs\/wp-content\/uploads\/2017\/04\/kul-3-300x225.jpg\" alt=\"\" width=\"300\" height=\"225\" srcset=\"https:\/\/centralmedia.rs\/wp-content\/uploads\/2017\/04\/kul-3-300x225.jpg 300w, https:\/\/centralmedia.rs\/wp-content\/uploads\/2017\/04\/kul-3-80x60.jpg 80w, https:\/\/centralmedia.rs\/wp-content\/uploads\/2017\/04\/kul-3-265x198.jpg 265w, https:\/\/centralmedia.rs\/wp-content\/uploads\/2017\/04\/kul-3.jpg 480w\" sizes=\"(max-width: 300px) 100vw, 300px\" \/><\/a>-Na\u0161a anga\u017eovana predstava &#8220;Kul.Kul?&#8221; je pokazala da pozori\u0161te mo\u017ee da \u017eivi svako i svugde. Re\u010dima Augusta Boala, koga i pominjemo u predstavi, pozori\u0161te je tu da nam otkrije ko smo, ali i ko mo\u017eemo postati. Glasno smo rekli svoja imena i odgovorili na, po mom mi\u0161ljenju, vrlo va\u017eno sociolo\u0161ko i kulturolo\u0161ko pitanje \u0161ta zna\u010di biti kul danas. Jo\u0161 jednom napominjem da je predstava dokumentarnog karaktera, anga\u017eovana i nastala kao proizvod radionica upravo na temu \u0161ta zna\u010di biti kul, kazala je Marija Miladinovi\u0107 koja potpisuje koncept, re\u017eiju i dramaturgiju, do su u\u010denici koautori i izvo\u0111a\u010di predstave.<\/p>\n<p><a href=\"https:\/\/centralmedia.rs\/wp-content\/uploads\/2017\/04\/kul-2.jpg\"><img loading=\"lazy\" decoding=\"async\" class=\"alignleft size-medium wp-image-7691\" src=\"https:\/\/centralmedia.rs\/wp-content\/uploads\/2017\/04\/kul-2-300x169.jpg\" alt=\"\" width=\"300\" height=\"169\" srcset=\"https:\/\/centralmedia.rs\/wp-content\/uploads\/2017\/04\/kul-2-300x169.jpg 300w, https:\/\/centralmedia.rs\/wp-content\/uploads\/2017\/04\/kul-2-768x432.jpg 768w, https:\/\/centralmedia.rs\/wp-content\/uploads\/2017\/04\/kul-2.jpg 960w\" sizes=\"(max-width: 300px) 100vw, 300px\" \/><\/a>&#8211; Anga\u017eovano pozori\u0161te je pozori\u0161te kojim treba da se bavimo, pozori\u0161te koje nam mo\u017ee mnogo i re\u0107i ali i u\u010diniti da se zapitamo oko mnogih stvari koje nam, upravo u periodu adolescencije koju pro\u017eivljavamo, nisu jasne. Regioni Jugoisto\u010dna Srbija, Zapadna Srbija, \u0160umadija, Pomoravlje i Brani\u010devo(kao jedan region), Beograd i Vojvodina su bili regioni u konkurenciji pred kime smo glasno izgovorili da smo mi oni iz Doma Sre\u0107no, oni koji su se pokazali kao najvi\u0161e &#8220;Kul&#8221;. Zahvaljujem se organizatorima Domu u\u010denika &#8220;Brankovo kolo&#8221; iz Novog Sada koji su se pobrinuli da igre koje su na po\u010detku proglasili da su po\u010dele, rezultirale fer krajem, istakla je ona.<\/p>\n","protected":false},"excerpt":{"rendered":"<p>\u0106UPRIJA-Predstava Doma u\u010denika srednih \u0161kola &#8220;Sre\u0107no&#8221; ,,Kul. Kul?\u201d osvojila je ve\u010deras prvu nagradu na nacionaloj Domijadi u Novom Sadu. \u00a0Uspehb je ve\u0107i ako se zna &hellip; <\/p>\n","protected":false},"author":4,"featured_media":7688,"comment_status":"open","ping_status":"open","sticky":false,"template":"","format":"standard","meta":{"footnotes":""},"categories":[1515,1524,2,15,887,12],"tags":[44,1484,1685,1870],"_links":{"self":[{"href":"https:\/\/centralmedia.rs\/index.php\/wp-json\/wp\/v2\/posts\/7687"}],"collection":[{"href":"https:\/\/centralmedia.rs\/index.php\/wp-json\/wp\/v2\/posts"}],"about":[{"href":"https:\/\/centralmedia.rs\/index.php\/wp-json\/wp\/v2\/types\/post"}],"author":[{"embeddable":true,"href":"https:\/\/centralmedia.rs\/index.php\/wp-json\/wp\/v2\/users\/4"}],"replies":[{"embeddable":true,"href":"https:\/\/centralmedia.rs\/index.php\/wp-json\/wp\/v2\/comments?post=7687"}],"version-history":[{"count":0,"href":"https:\/\/centralmedia.rs\/index.php\/wp-json\/wp\/v2\/posts\/7687\/revisions"}],"wp:featuredmedia":[{"embeddable":true,"href":"https:\/\/centralmedia.rs\/index.php\/wp-json\/wp\/v2\/media\/7688"}],"wp:attachment":[{"href":"https:\/\/centralmedia.rs\/index.php\/wp-json\/wp\/v2\/media?parent=7687"}],"wp:term":[{"taxonomy":"category","embeddable":true,"href":"https:\/\/centralmedia.rs\/index.php\/wp-json\/wp\/v2\/categories?post=7687"},{"taxonomy":"post_tag","embeddable":true,"href":"https:\/\/centralmedia.rs\/index.php\/wp-json\/wp\/v2\/tags?post=7687"}],"curies":[{"name":"wp","href":"https:\/\/api.w.org\/{rel}","templated":true}]}}