{"id":7713,"date":"2017-04-25T13:54:38","date_gmt":"2017-04-25T13:54:38","guid":{"rendered":"http:\/\/centralmedia.rs\/?p=7713"},"modified":"2017-04-25T13:55:06","modified_gmt":"2017-04-25T13:55:06","slug":"skup-kovaca-u-dublju","status":"publish","type":"post","link":"https:\/\/centralmedia.rs\/index.php\/2017\/04\/25\/skup-kovaca-u-dublju\/","title":{"rendered":"TAKMI\u010cENJE KOVA\u010cA U DUBLJU"},"content":{"rendered":"<p>SVILAJNAC-U selu Dublje kod Svilajnca odr\u017eano je Revijalno takmi\u010denje u umetni\u010dkom kovanju oru\u0111a i oru\u017eja. U Kova\u010dkoj radnji \u010ceki\u0107 i okupili su se kova\u010di iz Srbije i Crne Gore.<\/p>\n<div id='gallery-1' class='gallery galleryid-7713 gallery-columns-4 gallery-size-thumbnail'><figure class='gallery-item'>\n\t\t\t<div class='gallery-icon landscape'>\n\t\t\t\t<a href='https:\/\/centralmedia.rs\/index.php\/2017\/04\/25\/skup-kovaca-u-dublju\/dublje\/'><img loading=\"lazy\" decoding=\"async\" width=\"150\" height=\"150\" src=\"https:\/\/centralmedia.rs\/wp-content\/uploads\/2017\/04\/dublje-150x150.jpg\" class=\"attachment-thumbnail size-thumbnail\" alt=\"\" \/><\/a>\n\t\t\t<\/div><\/figure><figure class='gallery-item'>\n\t\t\t<div class='gallery-icon landscape'>\n\t\t\t\t<a href='https:\/\/centralmedia.rs\/index.php\/2017\/04\/25\/skup-kovaca-u-dublju\/dublje-1\/'><img loading=\"lazy\" decoding=\"async\" width=\"150\" height=\"150\" src=\"https:\/\/centralmedia.rs\/wp-content\/uploads\/2017\/04\/dublje-1-150x150.jpg\" class=\"attachment-thumbnail size-thumbnail\" alt=\"\" \/><\/a>\n\t\t\t<\/div><\/figure><figure class='gallery-item'>\n\t\t\t<div class='gallery-icon landscape'>\n\t\t\t\t<a href='https:\/\/centralmedia.rs\/index.php\/2017\/04\/25\/skup-kovaca-u-dublju\/kovaci-2\/'><img loading=\"lazy\" decoding=\"async\" width=\"150\" height=\"150\" src=\"https:\/\/centralmedia.rs\/wp-content\/uploads\/2017\/04\/kovaci-2-150x150.jpg\" class=\"attachment-thumbnail size-thumbnail\" alt=\"\" \/><\/a>\n\t\t\t<\/div><\/figure><figure class='gallery-item'>\n\t\t\t<div class='gallery-icon landscape'>\n\t\t\t\t<a href='https:\/\/centralmedia.rs\/index.php\/2017\/04\/25\/skup-kovaca-u-dublju\/kovaci-1\/'><img loading=\"lazy\" decoding=\"async\" width=\"150\" height=\"150\" src=\"https:\/\/centralmedia.rs\/wp-content\/uploads\/2017\/04\/kovaci-1-150x150.jpg\" class=\"attachment-thumbnail size-thumbnail\" alt=\"\" \/><\/a>\n\t\t\t<\/div><\/figure>\n\t\t<\/div>\n\n<p>Uporedo je odr\u017eana 6. Dubljanska gula\u0161ijada, na kojoj se okupilo tridesetak ekipa. Sva prikupljena nov\u010dana sredstva opredeljena su za pomo\u0107 u le\u010denju dvogodi\u0161njeg Du\u0161ana Todorovi\u0107a.<\/p>\n","protected":false},"excerpt":{"rendered":"<p>SVILAJNAC-U selu Dublje kod Svilajnca odr\u017eano je Revijalno takmi\u010denje u umetni\u010dkom kovanju oru\u0111a i oru\u017eja. U Kova\u010dkoj radnji \u010ceki\u0107 i okupili su se kova\u010di iz &hellip; <\/p>\n","protected":false},"author":4,"featured_media":7714,"comment_status":"open","ping_status":"open","sticky":false,"template":"","format":"standard","meta":{"footnotes":""},"categories":[1524,2,887,1517],"tags":[1878,1877,38],"_links":{"self":[{"href":"https:\/\/centralmedia.rs\/index.php\/wp-json\/wp\/v2\/posts\/7713"}],"collection":[{"href":"https:\/\/centralmedia.rs\/index.php\/wp-json\/wp\/v2\/posts"}],"about":[{"href":"https:\/\/centralmedia.rs\/index.php\/wp-json\/wp\/v2\/types\/post"}],"author":[{"embeddable":true,"href":"https:\/\/centralmedia.rs\/index.php\/wp-json\/wp\/v2\/users\/4"}],"replies":[{"embeddable":true,"href":"https:\/\/centralmedia.rs\/index.php\/wp-json\/wp\/v2\/comments?post=7713"}],"version-history":[{"count":0,"href":"https:\/\/centralmedia.rs\/index.php\/wp-json\/wp\/v2\/posts\/7713\/revisions"}],"wp:featuredmedia":[{"embeddable":true,"href":"https:\/\/centralmedia.rs\/index.php\/wp-json\/wp\/v2\/media\/7714"}],"wp:attachment":[{"href":"https:\/\/centralmedia.rs\/index.php\/wp-json\/wp\/v2\/media?parent=7713"}],"wp:term":[{"taxonomy":"category","embeddable":true,"href":"https:\/\/centralmedia.rs\/index.php\/wp-json\/wp\/v2\/categories?post=7713"},{"taxonomy":"post_tag","embeddable":true,"href":"https:\/\/centralmedia.rs\/index.php\/wp-json\/wp\/v2\/tags?post=7713"}],"curies":[{"name":"wp","href":"https:\/\/api.w.org\/{rel}","templated":true}]}}