{"id":7727,"date":"2017-04-26T12:31:47","date_gmt":"2017-04-26T12:31:47","guid":{"rendered":"http:\/\/centralmedia.rs\/?p=7727"},"modified":"2017-04-26T12:31:47","modified_gmt":"2017-04-26T12:31:47","slug":"prva-lajkanijada-u-srbiji","status":"publish","type":"post","link":"https:\/\/centralmedia.rs\/index.php\/2017\/04\/26\/prva-lajkanijada-u-srbiji\/","title":{"rendered":"PRVA ,,LAJKANIJADA\u201d U SRBIJI"},"content":{"rendered":"<p>PI\u0160E : VASILISA IVANOVI\u0106<\/p>\n<p>U Krivom Viru kod Boljevca odr\u017eana je prva ,,Lajkanijada&#8221;, manifestacija odgajiva\u010da ruskih pasa rase,,lajka\u201d.Tom prilikom pokrenuta je inicijativa o uvodjenju ove rase u lovne pse zakonom dozvoljene u Srbiji, koji se skoro u celom svetu koriste kao najperspektivniji lovni psi. Odgajiva\u010di ovih pasa se nadaju da \u0107emo nai\u0107i na razumevanje kinologa iz Kinolo\u0161kog saveza Srbije. <a href=\"https:\/\/centralmedia.rs\/wp-content\/uploads\/2017\/04\/lajkani-1.jpg\"><img loading=\"lazy\" decoding=\"async\" class=\"alignleft size-medium wp-image-7729\" src=\"https:\/\/centralmedia.rs\/wp-content\/uploads\/2017\/04\/lajkani-1-300x154.jpg\" alt=\"\" width=\"300\" height=\"154\" srcset=\"https:\/\/centralmedia.rs\/wp-content\/uploads\/2017\/04\/lajkani-1-300x154.jpg 300w, https:\/\/centralmedia.rs\/wp-content\/uploads\/2017\/04\/lajkani-1-768x395.jpg 768w, https:\/\/centralmedia.rs\/wp-content\/uploads\/2017\/04\/lajkani-1.jpg 960w\" sizes=\"(max-width: 300px) 100vw, 300px\" \/><\/a>Pored toga, ideja organizatora ovog okupljanja bila je da se udru\u017eenim snagama podstakne uvoz lovno-produktivnih linija iz Rusije i time se obogati siroma\u0161ni fond pasa ove rasa, kako u Srbiji, tako i na Balkanu. Cilj je da ,,Lajkanijada\u201d u budu\u0107nosti preraste u tradicionalnu me\u0111unarodnu manifestaciju koja \u0107e okupljati, pre svega lovce, kinologe i ljubitelje ,,lajki\u201d.<a href=\"https:\/\/centralmedia.rs\/wp-content\/uploads\/2017\/04\/lajkani-2.jpg\"><img loading=\"lazy\" decoding=\"async\" class=\"alignright size-medium wp-image-7730\" src=\"https:\/\/centralmedia.rs\/wp-content\/uploads\/2017\/04\/lajkani-2-300x199.jpg\" alt=\"\" width=\"300\" height=\"199\" srcset=\"https:\/\/centralmedia.rs\/wp-content\/uploads\/2017\/04\/lajkani-2-300x199.jpg 300w, https:\/\/centralmedia.rs\/wp-content\/uploads\/2017\/04\/lajkani-2-768x509.jpg 768w, https:\/\/centralmedia.rs\/wp-content\/uploads\/2017\/04\/lajkani-2.jpg 960w\" sizes=\"(max-width: 300px) 100vw, 300px\" \/><\/a> Prva &#8220;Lajkanijada&#8221; u Krivom Viru, imala je me\u0111unarodni karaktera jer je u\u010destvovao Nikolaj Ivanov iz Bugarske, strastven lovac, koji ima vrhunsku lovnu liniju pasa ove rase i \u010diji je uspeh, isklju\u010divo u lovu na divlje svinje na zavidnom nivou.\u00a0Predstavljeno je dva varijeteta ,,lajki\u201d od ukupno \u010detiri i to rusko-evropska i zapadnosibirska ,,lajka\u201d. Od pomenutih prisutne su bile slede\u0107e: rusko-evropska lajka i mu\u017ejak &#8220;Gara&#8221; vlasnika Milo\u0161a Stanisavljevi\u0107a iz Para\u0107ina, a od zapadnosibirskih su bile: mu\u017ejak &#8220;Maks&#8221; i zenka &#8220;\u0160eri&#8221;, vlasnika Aleksandra Sa\u0161e Peri\u0161i\u0107a iz Po\u017earevca, \u017eenka &#8220;Bistra&#8221;, vlasnika Dejana Todorovi\u0107a iz Beograda, \u017eenka &#8220;Bera&#8221;, vlasnika Bojana Pej\u010di\u0107a iz Ni\u0161a i mu\u017ejak &#8220;Don&#8221;, vlasnika Stefana Gani\u0107a iz Lukova. Doma\u0107in i organizator prve &#8220;Lajkanijade&#8221; bio je Milo\u0161 Stanisavljevi\u0107 Milo\u0161 iz Para\u0107ina, apsolvent na \u0160umarskom fakultetu u Beogradu, u \u010dijem je etno-kompleksu i odrzana manifestacija.<\/p>\n<div id='gallery-1' class='gallery galleryid-7727 gallery-columns-3 gallery-size-full'><figure class='gallery-item'>\n\t\t\t<div class='gallery-icon landscape'>\n\t\t\t\t<a href='https:\/\/centralmedia.rs\/index.php\/2017\/04\/26\/prva-lajkanijada-u-srbiji\/lajkani-3\/'><img loading=\"lazy\" decoding=\"async\" width=\"800\" height=\"600\" src=\"https:\/\/centralmedia.rs\/wp-content\/uploads\/2017\/04\/lajkani-3.jpg\" class=\"attachment-full size-full\" alt=\"\" srcset=\"https:\/\/centralmedia.rs\/wp-content\/uploads\/2017\/04\/lajkani-3.jpg 800w, https:\/\/centralmedia.rs\/wp-content\/uploads\/2017\/04\/lajkani-3-300x225.jpg 300w, https:\/\/centralmedia.rs\/wp-content\/uploads\/2017\/04\/lajkani-3-768x576.jpg 768w, https:\/\/centralmedia.rs\/wp-content\/uploads\/2017\/04\/lajkani-3-80x60.jpg 80w, https:\/\/centralmedia.rs\/wp-content\/uploads\/2017\/04\/lajkani-3-265x198.jpg 265w\" sizes=\"(max-width: 800px) 100vw, 800px\" \/><\/a>\n\t\t\t<\/div><\/figure><figure class='gallery-item'>\n\t\t\t<div class='gallery-icon landscape'>\n\t\t\t\t<a href='https:\/\/centralmedia.rs\/index.php\/2017\/04\/26\/prva-lajkanijada-u-srbiji\/lajkani-4\/'><img loading=\"lazy\" decoding=\"async\" width=\"800\" height=\"600\" src=\"https:\/\/centralmedia.rs\/wp-content\/uploads\/2017\/04\/lajkani-4.jpg\" class=\"attachment-full size-full\" alt=\"\" srcset=\"https:\/\/centralmedia.rs\/wp-content\/uploads\/2017\/04\/lajkani-4.jpg 800w, https:\/\/centralmedia.rs\/wp-content\/uploads\/2017\/04\/lajkani-4-300x225.jpg 300w, https:\/\/centralmedia.rs\/wp-content\/uploads\/2017\/04\/lajkani-4-768x576.jpg 768w, https:\/\/centralmedia.rs\/wp-content\/uploads\/2017\/04\/lajkani-4-80x60.jpg 80w, https:\/\/centralmedia.rs\/wp-content\/uploads\/2017\/04\/lajkani-4-265x198.jpg 265w\" sizes=\"(max-width: 800px) 100vw, 800px\" \/><\/a>\n\t\t\t<\/div><\/figure><figure class='gallery-item'>\n\t\t\t<div class='gallery-icon landscape'>\n\t\t\t\t<a href='https:\/\/centralmedia.rs\/index.php\/2017\/04\/26\/prva-lajkanijada-u-srbiji\/lajkani-5\/'><img loading=\"lazy\" decoding=\"async\" width=\"800\" height=\"600\" src=\"https:\/\/centralmedia.rs\/wp-content\/uploads\/2017\/04\/lajkani-5.jpg\" class=\"attachment-full size-full\" alt=\"\" srcset=\"https:\/\/centralmedia.rs\/wp-content\/uploads\/2017\/04\/lajkani-5.jpg 800w, https:\/\/centralmedia.rs\/wp-content\/uploads\/2017\/04\/lajkani-5-300x225.jpg 300w, https:\/\/centralmedia.rs\/wp-content\/uploads\/2017\/04\/lajkani-5-768x576.jpg 768w, https:\/\/centralmedia.rs\/wp-content\/uploads\/2017\/04\/lajkani-5-80x60.jpg 80w, https:\/\/centralmedia.rs\/wp-content\/uploads\/2017\/04\/lajkani-5-265x198.jpg 265w\" sizes=\"(max-width: 800px) 100vw, 800px\" \/><\/a>\n\t\t\t<\/div><\/figure>\n\t\t<\/div>\n\n<p>Gosti su imali priliku da pored velelepnog ambijenta u\u017eivaju i u gastronomskim delikatesima Krivovirskog kraja. Manifestacija je odrzana u selu Krivi Vir koje le\u017ei na samim obroncima Ju\u017enog Ku\u010daja, op\u0161tina Boljevac, preko puta planine Rtanj, na izvori\u0161tu reke Crni Timok, i na samim vratima Timo\u010dke krajine.<\/p>\n","protected":false},"excerpt":{"rendered":"<p>PI\u0160E : VASILISA IVANOVI\u0106 U Krivom Viru kod Boljevca odr\u017eana je prva ,,Lajkanijada&#8221;, manifestacija odgajiva\u010da ruskih pasa rase,,lajka\u201d.Tom prilikom pokrenuta je inicijativa o uvodjenju ove &hellip; <\/p>\n","protected":false},"author":4,"featured_media":7728,"comment_status":"open","ping_status":"open","sticky":false,"template":"","format":"standard","meta":{"footnotes":""},"categories":[1524,2,35,23,1516,887],"tags":[1882,1881,156],"_links":{"self":[{"href":"https:\/\/centralmedia.rs\/index.php\/wp-json\/wp\/v2\/posts\/7727"}],"collection":[{"href":"https:\/\/centralmedia.rs\/index.php\/wp-json\/wp\/v2\/posts"}],"about":[{"href":"https:\/\/centralmedia.rs\/index.php\/wp-json\/wp\/v2\/types\/post"}],"author":[{"embeddable":true,"href":"https:\/\/centralmedia.rs\/index.php\/wp-json\/wp\/v2\/users\/4"}],"replies":[{"embeddable":true,"href":"https:\/\/centralmedia.rs\/index.php\/wp-json\/wp\/v2\/comments?post=7727"}],"version-history":[{"count":0,"href":"https:\/\/centralmedia.rs\/index.php\/wp-json\/wp\/v2\/posts\/7727\/revisions"}],"wp:featuredmedia":[{"embeddable":true,"href":"https:\/\/centralmedia.rs\/index.php\/wp-json\/wp\/v2\/media\/7728"}],"wp:attachment":[{"href":"https:\/\/centralmedia.rs\/index.php\/wp-json\/wp\/v2\/media?parent=7727"}],"wp:term":[{"taxonomy":"category","embeddable":true,"href":"https:\/\/centralmedia.rs\/index.php\/wp-json\/wp\/v2\/categories?post=7727"},{"taxonomy":"post_tag","embeddable":true,"href":"https:\/\/centralmedia.rs\/index.php\/wp-json\/wp\/v2\/tags?post=7727"}],"curies":[{"name":"wp","href":"https:\/\/api.w.org\/{rel}","templated":true}]}}