{"id":7735,"date":"2017-04-27T13:50:39","date_gmt":"2017-04-27T13:50:39","guid":{"rendered":"http:\/\/centralmedia.rs\/?p=7735"},"modified":"2017-04-27T13:50:39","modified_gmt":"2017-04-27T13:50:39","slug":"dan-jagodinske-biblioteke-nagrade-najvernijim-clanovima","status":"publish","type":"post","link":"https:\/\/centralmedia.rs\/index.php\/2017\/04\/27\/dan-jagodinske-biblioteke-nagrade-najvernijim-clanovima\/","title":{"rendered":"DAN JAGODINSKE BIBLIOTEKE &#8211; NAGRADE NAJVERNIJIM \u010cLANOVIMA"},"content":{"rendered":"<p>JAGODINA-Narodna biblioteka u Jagodini danas je obele\u017eila svoj dan i vrednim knjigama nagradila najvernije \u010dlanove. Re\u010d je o \u0161esetoro dece i torije odraslih, a donator nagrada je Nata\u0161a Lasan, Jagodinka koja \u017eivi u Torontu.<a href=\"https:\/\/centralmedia.rs\/wp-content\/uploads\/2017\/04\/dan-bilioteke.jpg\"><img loading=\"lazy\" decoding=\"async\" class=\"alignleft size-medium wp-image-7737\" src=\"https:\/\/centralmedia.rs\/wp-content\/uploads\/2017\/04\/dan-bilioteke-300x225.jpg\" alt=\"\" width=\"300\" height=\"225\" srcset=\"https:\/\/centralmedia.rs\/wp-content\/uploads\/2017\/04\/dan-bilioteke-300x225.jpg 300w, https:\/\/centralmedia.rs\/wp-content\/uploads\/2017\/04\/dan-bilioteke-768x576.jpg 768w, https:\/\/centralmedia.rs\/wp-content\/uploads\/2017\/04\/dan-bilioteke-80x60.jpg 80w, https:\/\/centralmedia.rs\/wp-content\/uploads\/2017\/04\/dan-bilioteke-265x198.jpg 265w, https:\/\/centralmedia.rs\/wp-content\/uploads\/2017\/04\/dan-bilioteke.jpg 900w\" sizes=\"(max-width: 300px) 100vw, 300px\" \/><\/a><\/p>\n<p>&#8211; Ovu godinu posvetili smo de\u010djim programima i \u010dasopisu za decu i mlade ,,Slova na struju\u201d. Taj \u010dasopis je rezulat dugogodi\u0161nje saradnje Biblioteke sa poznatim jagodinskim pesnikom i ilustratorom Pe\u0111om Trajkovi\u0107em i mo\u017ee se prona\u0107i samo na sajtu biblioteke u Jagodini. Redakcija, predvo\u0111ena urednikom Trajkovi\u0107em trudi se da svaki\u00a0 broj bude dobar, bolji i jo\u0161 bolji,\u00a0 ali pre svega po\u0161ten i dosledan\u00a0\u00a0 svojoj misiji i cilju da koriste\u0107i sredstva, formu i prednosti\u00a0 \u201edigitalne revolucije\u201c revitalizuje vrednosti, principe i tekovine srpskog i svetskog knji\u017eevnog stvarala\u0161tva za decu i mlade . Kroz ove nove internet strane trudimo se da u\u00a0 domove dece i tinejd\u017eera unesemo najlep\u0161e pesme i pri\u010de vrhunskih savremenih pisaca, podsetimo ih na ono \u0161to je va\u017eno u svetu knji\u017eevnosti,\u00a0 malo ih zabavimo, pone\u0161to i nau\u010dimo, kazale je direktorka Vesna Crnkovi\u0107.<\/p>\n<p>Ina\u010de, prve javna biblioteka u Jagodini osnovana je 27. aprila 1909. godine.<\/p>\n","protected":false},"excerpt":{"rendered":"<p>JAGODINA-Narodna biblioteka u Jagodini danas je obele\u017eila svoj dan i vrednim knjigama nagradila najvernije \u010dlanove. Re\u010d je o \u0161esetoro dece i torije odraslih, a donator &hellip; <\/p>\n","protected":false},"author":4,"featured_media":7736,"comment_status":"open","ping_status":"open","sticky":false,"template":"","format":"standard","meta":{"footnotes":""},"categories":[1524,2,1514],"tags":[1883,58],"_links":{"self":[{"href":"https:\/\/centralmedia.rs\/index.php\/wp-json\/wp\/v2\/posts\/7735"}],"collection":[{"href":"https:\/\/centralmedia.rs\/index.php\/wp-json\/wp\/v2\/posts"}],"about":[{"href":"https:\/\/centralmedia.rs\/index.php\/wp-json\/wp\/v2\/types\/post"}],"author":[{"embeddable":true,"href":"https:\/\/centralmedia.rs\/index.php\/wp-json\/wp\/v2\/users\/4"}],"replies":[{"embeddable":true,"href":"https:\/\/centralmedia.rs\/index.php\/wp-json\/wp\/v2\/comments?post=7735"}],"version-history":[{"count":0,"href":"https:\/\/centralmedia.rs\/index.php\/wp-json\/wp\/v2\/posts\/7735\/revisions"}],"wp:featuredmedia":[{"embeddable":true,"href":"https:\/\/centralmedia.rs\/index.php\/wp-json\/wp\/v2\/media\/7736"}],"wp:attachment":[{"href":"https:\/\/centralmedia.rs\/index.php\/wp-json\/wp\/v2\/media?parent=7735"}],"wp:term":[{"taxonomy":"category","embeddable":true,"href":"https:\/\/centralmedia.rs\/index.php\/wp-json\/wp\/v2\/categories?post=7735"},{"taxonomy":"post_tag","embeddable":true,"href":"https:\/\/centralmedia.rs\/index.php\/wp-json\/wp\/v2\/tags?post=7735"}],"curies":[{"name":"wp","href":"https:\/\/api.w.org\/{rel}","templated":true}]}}