{"id":7747,"date":"2017-04-28T12:56:22","date_gmt":"2017-04-28T12:56:22","guid":{"rendered":"http:\/\/centralmedia.rs\/?p=7747"},"modified":"2017-04-28T12:56:22","modified_gmt":"2017-04-28T12:56:22","slug":"zbog-manjka-zaposlenih-u-lokalnoj-upravi-protest-za-normalan-zivot-u-paracinu","status":"publish","type":"post","link":"https:\/\/centralmedia.rs\/index.php\/2017\/04\/28\/zbog-manjka-zaposlenih-u-lokalnoj-upravi-protest-za-normalan-zivot-u-paracinu\/","title":{"rendered":"ZBOG MANJKA ZAPOSLENIH U LOKALNOJ UPRAVI &#8211; PROTEST ZA NORMALAN \u017dIVOT U PARA\u0106INU"},"content":{"rendered":"<p>PARA\u0106IN-Predsednik Alternativnog parlamenta gra\u0111ana u Para\u0107inu Milan Ili\u0107 najavio je da \u0107e, ako se do 15. maja ne re\u0161i problem sa manjkom zaposlenih u javnim slu\u017ebama u tom gradu, \u00a0to udru\u017eenje pozvati gra\u0111ane u protestnu \u0161etnju.<\/p>\n<p>-Ukoliko ne dobijemo re\u0161enja ili adekvatne odgovore od ministara Brnabi\u0107 i Vujovi\u0107a mi \u0107emo protestovorati i tra\u017eiti normalan \u017eivot, kao \u0161to to imaju i druge lokalne samouprave. Ve\u0107 \u010detiri godine o\u010dekujemo da Vlada Srbije u\u010dini ,,ulugu\u201d \u00a0Para\u0107inu i dozvoli da lokalna uprava i komunalne slu\u017ebe normalno funkcioni\u0161u. Para\u0107in ima preko 100 radnika manje, koliko je ina\u010de potrebno za \u00a0normalno funkcionisanje. Brnabi\u0107 i Vujovi\u0107 su se oglu\u0161ili da \u0107e re\u0161e taj problem, rekao je Ili\u0107<\/p>\n<p>Zbog toga je ote\u017ean rad komunalnog preduze\u0107a, pred\u0161kolske ustanove, zdravstvenih slu\u017ebi, ali i drugih vitalnih gradskih slu\u017ebi.<\/p>\n<p>-Naro\u010dito je te\u017eak rad komunalaca zimi, jer sada odr\u017eavaju i sela, odnosno duplo ve\u0107i posao sa 20 dosto manje radnika nego pre toga. Zar nemamo pravo da \u017eivimo normalno? Zar na\u0161a deca ne trebaju da idu u vrti\u0107? Za\u0161to smo hendikrepirani, zato \u0161to nismo kr\u0161ili pravila, pita Ili\u0107.<\/p>\n<p>Predsednik te op\u0161tine Sa\u0161a Paunovi\u0107 nedavno je izjavio da u sistemu lokalen upravne radi 100 radnika manje nego \u0161to zakon dozvoljava, ali da ta op\u0161tine ne dobija saglasnost vlade za popuni tih radnih mesta.<\/p>\n","protected":false},"excerpt":{"rendered":"<p>PARA\u0106IN-Predsednik Alternativnog parlamenta gra\u0111ana u Para\u0107inu Milan Ili\u0107 najavio je da \u0107e, ako se do 15. maja ne re\u0161i problem sa manjkom zaposlenih u javnim &hellip; <\/p>\n","protected":false},"author":4,"featured_media":7748,"comment_status":"open","ping_status":"open","sticky":false,"template":"","format":"standard","meta":{"footnotes":""},"categories":[1524,2,1516,887],"tags":[1397,156,523],"_links":{"self":[{"href":"https:\/\/centralmedia.rs\/index.php\/wp-json\/wp\/v2\/posts\/7747"}],"collection":[{"href":"https:\/\/centralmedia.rs\/index.php\/wp-json\/wp\/v2\/posts"}],"about":[{"href":"https:\/\/centralmedia.rs\/index.php\/wp-json\/wp\/v2\/types\/post"}],"author":[{"embeddable":true,"href":"https:\/\/centralmedia.rs\/index.php\/wp-json\/wp\/v2\/users\/4"}],"replies":[{"embeddable":true,"href":"https:\/\/centralmedia.rs\/index.php\/wp-json\/wp\/v2\/comments?post=7747"}],"version-history":[{"count":0,"href":"https:\/\/centralmedia.rs\/index.php\/wp-json\/wp\/v2\/posts\/7747\/revisions"}],"wp:featuredmedia":[{"embeddable":true,"href":"https:\/\/centralmedia.rs\/index.php\/wp-json\/wp\/v2\/media\/7748"}],"wp:attachment":[{"href":"https:\/\/centralmedia.rs\/index.php\/wp-json\/wp\/v2\/media?parent=7747"}],"wp:term":[{"taxonomy":"category","embeddable":true,"href":"https:\/\/centralmedia.rs\/index.php\/wp-json\/wp\/v2\/categories?post=7747"},{"taxonomy":"post_tag","embeddable":true,"href":"https:\/\/centralmedia.rs\/index.php\/wp-json\/wp\/v2\/tags?post=7747"}],"curies":[{"name":"wp","href":"https:\/\/api.w.org\/{rel}","templated":true}]}}