{"id":7797,"date":"2017-05-03T17:50:32","date_gmt":"2017-05-03T17:50:32","guid":{"rendered":"http:\/\/centralmedia.rs\/?p=7797"},"modified":"2017-05-03T17:50:32","modified_gmt":"2017-05-03T17:50:32","slug":"svetlo-na-kraju-jagodinskog-medijskog-mraka-osniva-se-centar-za-zastitu-novinara-srbije","status":"publish","type":"post","link":"https:\/\/centralmedia.rs\/index.php\/2017\/05\/03\/svetlo-na-kraju-jagodinskog-medijskog-mraka-osniva-se-centar-za-zastitu-novinara-srbije\/","title":{"rendered":"SVETLO NA KRAJU JAGODINSKOG MEDIJSKOG MRAKA \u2013 OSNIVA SE CENTAR ZA ZA\u0160TITU NOVINARA SRBIJE"},"content":{"rendered":"<p>PI\u0160E : GORAN JEVREMOVI\u0106<\/p>\n<ol start=\"3\">\n<li>maj Svetski dan slobode medija ili svetlo na kraju jagodinskog medijskog mraka. Za\u0161to Jagodinom vlada medijski mrak? Zato \u0161to su novinari i mediji to dozvolili, taj odgovor se name\u0107e sam po sebi. Ili su bili slabi ili su upla\u0161eni. Da ne spekuli\u0161em oko toga, nabraja\u0107u \u010dinjenice. Za medije su zatvorene sednice Gradskog ve\u0107a sem mo\u017eda za povla\u0161\u0107ene, kompletan medijski bud\u017eet drugu godinu zaredom dobija samo jedna medijska ku\u0107a, smanjen je medijski bud\u017eet 8 puta, lokalni politi\u010dari izjavljuju da se ,,sredstva namenjena za projektno finansiranje medija moraju zaraditi\u201d, tragikomi\u010dna privatizacija medija, 60 medijskih radnika na ulici, ubistvo novinara, fizi\u010dki napadi i verbalne pretnje koje dr\u017eava nikada nije istra\u017eivala, paljenje ku\u0107a, kioska, predajnika\u2026..sve to u proteklih 20 godina dogodilo se medijskim radnicima i medijima u Jagodini. Zato Jagodinci sada nemaju medije da ih informi\u0161u o najbanalnijim doga\u0111anjima od nestanka struje i vode do ne daj bo\u017ee poskupljenja komunalija, odnosno iz poreza pla\u0107anju ,,uspavanke\u201d. Za\u0161to vlast u Jagodini ugro\u017eava slobodu javnog informisanja? Da li \u0107e Gradsko ve\u0107e Jagodine da prekine sa praksom zatvorenih sednica i ugro\u017eavanja slobode javnog informisanja, te da svoj rad u\u010dini javnim i dostupnim svim novinarima i medijima, bez diskriminacije? Podse\u0107am da je javnost rada organa i pojedinaca na javnim funkcijama je njihova zakonska obaveza koja ne sme da zavisi od bilo \u010dije politi\u010dke volje.<\/li>\n<\/ol>\n<p>Zakonom o javnom informisanju i medijima propisano je da se ne sme ugro\u017eavati sloboda informisanja.<\/p>\n<p>Zakon o lokalnoj samoupravi\u00a0 (\u010dlan 71) propisuje da su \u201corgani i slu\u017ebe jedinice lokalne samouprave du\u017eni da obave\u0161tavaju javnost o svom radu preko sredstava javnog informisanja\u201d.<\/p>\n<p>Zato je nekolicina nezavisnih medijskih radnika iz Srbije odlu\u010dila da u Jagodini osnuje CENTAR ZA ZA\u0160TITU NOVINARA SRBIJE, jer je to po svim iznetim \u010dinjenicama grad koji zaslu\u017euje da ima udru\u017eenje sa takvim nazivom.<\/p>\n","protected":false},"excerpt":{"rendered":"<p>PI\u0160E : GORAN JEVREMOVI\u0106 maj Svetski dan slobode medija ili svetlo na kraju jagodinskog medijskog mraka. Za\u0161to Jagodinom vlada medijski mrak? Zato \u0161to su novinari &hellip; <\/p>\n","protected":false},"author":4,"featured_media":7798,"comment_status":"open","ping_status":"open","sticky":false,"template":"","format":"standard","meta":{"footnotes":""},"categories":[1524,2,1514,19,12],"tags":[58,137],"_links":{"self":[{"href":"https:\/\/centralmedia.rs\/index.php\/wp-json\/wp\/v2\/posts\/7797"}],"collection":[{"href":"https:\/\/centralmedia.rs\/index.php\/wp-json\/wp\/v2\/posts"}],"about":[{"href":"https:\/\/centralmedia.rs\/index.php\/wp-json\/wp\/v2\/types\/post"}],"author":[{"embeddable":true,"href":"https:\/\/centralmedia.rs\/index.php\/wp-json\/wp\/v2\/users\/4"}],"replies":[{"embeddable":true,"href":"https:\/\/centralmedia.rs\/index.php\/wp-json\/wp\/v2\/comments?post=7797"}],"version-history":[{"count":0,"href":"https:\/\/centralmedia.rs\/index.php\/wp-json\/wp\/v2\/posts\/7797\/revisions"}],"wp:featuredmedia":[{"embeddable":true,"href":"https:\/\/centralmedia.rs\/index.php\/wp-json\/wp\/v2\/media\/7798"}],"wp:attachment":[{"href":"https:\/\/centralmedia.rs\/index.php\/wp-json\/wp\/v2\/media?parent=7797"}],"wp:term":[{"taxonomy":"category","embeddable":true,"href":"https:\/\/centralmedia.rs\/index.php\/wp-json\/wp\/v2\/categories?post=7797"},{"taxonomy":"post_tag","embeddable":true,"href":"https:\/\/centralmedia.rs\/index.php\/wp-json\/wp\/v2\/tags?post=7797"}],"curies":[{"name":"wp","href":"https:\/\/api.w.org\/{rel}","templated":true}]}}