{"id":7838,"date":"2017-05-07T14:22:10","date_gmt":"2017-05-07T14:22:10","guid":{"rendered":"http:\/\/centralmedia.rs\/?p=7838"},"modified":"2017-05-07T14:22:10","modified_gmt":"2017-05-07T14:22:10","slug":"prvenstvo-srbije-u-bodibildingu-u-cupriji-apsolutni-sampion-goran-copic","status":"publish","type":"post","link":"https:\/\/centralmedia.rs\/index.php\/2017\/05\/07\/prvenstvo-srbije-u-bodibildingu-u-cupriji-apsolutni-sampion-goran-copic\/","title":{"rendered":"PRVENSTVO SRBIJE U BODIBILDINGU U \u0106UPRIJI &#8211; APSOLUTNI \u0160AMPION GORAN \u0106OPI\u0106"},"content":{"rendered":"<p>\u0106UPRIJA-Apsolutni \u0161ampion Srbije u bodibildingu i fitnesu u verziji IBFF je Goran \u0106opi\u0107 iz Aparina. Nacionalno takmi\u010denje odr\u017eano je u \u0106upriji, a ovo su ujedno bile kvalifikacije za Evropsko i Svetsko prvenstvo u verziji IBFF. U 19 kategorija takmi\u010dilo se oko 50 takmi\u010dara, a po\u0161to je prvenstvo bilo otvorenog tipa bili su prisutni i takmi\u010dari iz nekoliko susednih dr\u017eava.<a href=\"https:\/\/centralmedia.rs\/wp-content\/uploads\/2017\/05\/pobednik.jpg\"><img loading=\"lazy\" decoding=\"async\" class=\"alignleft size-medium wp-image-7840\" src=\"https:\/\/centralmedia.rs\/wp-content\/uploads\/2017\/05\/pobednik-300x210.jpg\" alt=\"\" width=\"300\" height=\"210\" srcset=\"https:\/\/centralmedia.rs\/wp-content\/uploads\/2017\/05\/pobednik-300x210.jpg 300w, https:\/\/centralmedia.rs\/wp-content\/uploads\/2017\/05\/pobednik-768x538.jpg 768w, https:\/\/centralmedia.rs\/wp-content\/uploads\/2017\/05\/pobednik-100x70.jpg 100w, https:\/\/centralmedia.rs\/wp-content\/uploads\/2017\/05\/pobednik.jpg 960w\" sizes=\"(max-width: 300px) 100vw, 300px\" \/><\/a><\/p>\n<p>-Ponovio sam pro\u0161logodi\u0161nji uspeh i to je veoma zna\u010dajno za mene, jer imam 43 godina i 18 godina se bavim bodibildingom. Potvrdio sam da sam najbolji u najja\u010doj konkurenciji i sada mi predstoji jadno od najpresti\u017enijih takmi\u010denja Arnold klasik, \u0161to je u mom sportu vrhunac karijere. Zato ne\u0107u nastupati na evropskom i svetkom prevnstvu, jer \u017eelim\u00a0 da se odmorim od rigorozne dijete I \u0161to bolje pripremim za najve\u0107e isku\u0161enje, rekao je \u0106opi\u0107.<\/p>\n<p>Predsednik IBFF Srbija Sa\u0161a Dimitrijevi\u0107 isktakao je da je takmi\u010denje u \u0106upriji nacionalog nivoa, ali da je po organizaciji na vi\u0161em nivou od nekih evropskih i svetskih prvenstva u tom sportu.<\/p>\n","protected":false},"excerpt":{"rendered":"<p>\u0106UPRIJA-Apsolutni \u0161ampion Srbije u bodibildingu i fitnesu u verziji IBFF je Goran \u0106opi\u0107 iz Aparina. Nacionalno takmi\u010denje odr\u017eano je u \u0106upriji, a ovo su ujedno &hellip; <\/p>\n","protected":false},"author":4,"featured_media":7839,"comment_status":"open","ping_status":"open","sticky":false,"template":"","format":"standard","meta":{"footnotes":""},"categories":[1515,1524,2,887],"tags":[711,44,1904],"_links":{"self":[{"href":"https:\/\/centralmedia.rs\/index.php\/wp-json\/wp\/v2\/posts\/7838"}],"collection":[{"href":"https:\/\/centralmedia.rs\/index.php\/wp-json\/wp\/v2\/posts"}],"about":[{"href":"https:\/\/centralmedia.rs\/index.php\/wp-json\/wp\/v2\/types\/post"}],"author":[{"embeddable":true,"href":"https:\/\/centralmedia.rs\/index.php\/wp-json\/wp\/v2\/users\/4"}],"replies":[{"embeddable":true,"href":"https:\/\/centralmedia.rs\/index.php\/wp-json\/wp\/v2\/comments?post=7838"}],"version-history":[{"count":0,"href":"https:\/\/centralmedia.rs\/index.php\/wp-json\/wp\/v2\/posts\/7838\/revisions"}],"wp:featuredmedia":[{"embeddable":true,"href":"https:\/\/centralmedia.rs\/index.php\/wp-json\/wp\/v2\/media\/7839"}],"wp:attachment":[{"href":"https:\/\/centralmedia.rs\/index.php\/wp-json\/wp\/v2\/media?parent=7838"}],"wp:term":[{"taxonomy":"category","embeddable":true,"href":"https:\/\/centralmedia.rs\/index.php\/wp-json\/wp\/v2\/categories?post=7838"},{"taxonomy":"post_tag","embeddable":true,"href":"https:\/\/centralmedia.rs\/index.php\/wp-json\/wp\/v2\/tags?post=7838"}],"curies":[{"name":"wp","href":"https:\/\/api.w.org\/{rel}","templated":true}]}}