{"id":7845,"date":"2017-05-08T13:19:45","date_gmt":"2017-05-08T13:19:45","guid":{"rendered":"http:\/\/centralmedia.rs\/?p=7845"},"modified":"2017-05-08T13:19:45","modified_gmt":"2017-05-08T13:19:45","slug":"novi-paracinski-parlament-odbornici-u-amfiteatru-pod-kupolom","status":"publish","type":"post","link":"https:\/\/centralmedia.rs\/index.php\/2017\/05\/08\/novi-paracinski-parlament-odbornici-u-amfiteatru-pod-kupolom\/","title":{"rendered":"NOVI PARA\u0106INSKI PARLAMENT &#8211; ODBORNICI U AMFITEATRU POD KUPOLOM"},"content":{"rendered":"<p>PARA\u0106IN-Para\u0107inski odbornici do kraja godine preseli\u0107e se iz stare bioskopske sale ili male op\u0161tinske sale, gde sada zasedaju, u velelepni amfiteatar pod kupolom, ali pre toga ve\u0107 krajem maja prizemlje vi\u0161emenskog objekta, koji \u0107e objediniti politi\u010dka i kulturna de\u0161avanja, <a href=\"https:\/\/centralmedia.rs\/wp-content\/uploads\/2017\/05\/kupola.jpg\"><img loading=\"lazy\" decoding=\"async\" class=\"alignleft size-medium wp-image-7848\" src=\"https:\/\/centralmedia.rs\/wp-content\/uploads\/2017\/05\/kupola-169x300.jpg\" alt=\"\" width=\"169\" height=\"300\" srcset=\"https:\/\/centralmedia.rs\/wp-content\/uploads\/2017\/05\/kupola-169x300.jpg 169w, https:\/\/centralmedia.rs\/wp-content\/uploads\/2017\/05\/kupola.jpg 320w\" sizes=\"(max-width: 169px) 100vw, 169px\" \/><\/a>bi\u0107e spremno za prvo de\u0161avnje u oblasti kulture. Novo zdanje otvori\u0107e me\u0111unarodna izlo\u017eba umetni\u010dke \u00a0fotografije. Pored toga, zavr\u0161avaju se sprat sa galerijom i bioskopskom salom.<\/p>\n<p>-Prema sada\u0161njim planovima 15. maj je rok za izvo\u0111a\u010de radova da zavr\u0161e prvi sprat u smislu gra\u0111evinskih radova, a to zna\u010di jo\u0161 tri sale za razli\u010dite aktivnosti uz zavr\u0161etak bioskopske sale. U narednih nekoliko meseci taj bioskopski deo bi\u0107e potpuno u funkciji, posle opremanja. \u00a0Prakti\u010dno ima\u0107emo dve tre\u0107ine objekta u funkciji i preostaje nam da zavr\u0161imo amfiteatar pod kupolom, ka\u017ee predsednik te op\u0161tine Sa\u0161a Paunovi\u0107.<\/p>\n<div id='gallery-1' class='gallery galleryid-7845 gallery-columns-2 gallery-size-full'><figure class='gallery-item'>\n\t\t\t<div class='gallery-icon landscape'>\n\t\t\t\t<a href='https:\/\/centralmedia.rs\/index.php\/2017\/05\/08\/novi-paracinski-parlament-odbornici-u-amfiteatru-pod-kupolom\/kupola-3\/'><img loading=\"lazy\" decoding=\"async\" width=\"960\" height=\"540\" src=\"https:\/\/centralmedia.rs\/wp-content\/uploads\/2017\/05\/kupola-3.jpg\" class=\"attachment-full size-full\" alt=\"\" srcset=\"https:\/\/centralmedia.rs\/wp-content\/uploads\/2017\/05\/kupola-3.jpg 960w, https:\/\/centralmedia.rs\/wp-content\/uploads\/2017\/05\/kupola-3-300x169.jpg 300w, https:\/\/centralmedia.rs\/wp-content\/uploads\/2017\/05\/kupola-3-768x432.jpg 768w\" sizes=\"(max-width: 960px) 100vw, 960px\" \/><\/a>\n\t\t\t<\/div><\/figure><figure class='gallery-item'>\n\t\t\t<div class='gallery-icon landscape'>\n\t\t\t\t<a href='https:\/\/centralmedia.rs\/index.php\/2017\/05\/08\/novi-paracinski-parlament-odbornici-u-amfiteatru-pod-kupolom\/kupola-1\/'><img loading=\"lazy\" decoding=\"async\" width=\"960\" height=\"540\" src=\"https:\/\/centralmedia.rs\/wp-content\/uploads\/2017\/05\/kupola-1.jpg\" class=\"attachment-full size-full\" alt=\"\" srcset=\"https:\/\/centralmedia.rs\/wp-content\/uploads\/2017\/05\/kupola-1.jpg 960w, https:\/\/centralmedia.rs\/wp-content\/uploads\/2017\/05\/kupola-1-300x169.jpg 300w, https:\/\/centralmedia.rs\/wp-content\/uploads\/2017\/05\/kupola-1-768x432.jpg 768w\" sizes=\"(max-width: 960px) 100vw, 960px\" \/><\/a>\n\t\t\t<\/div><\/figure>\n\t\t<\/div>\n\n<p>Izgradnju jedinstvenog kulturnog objekta u Srbiji, me\u0111utim, pratile su brojne neda\u0107e, tako da se izgradnja protegla na vi\u0161e godina.<\/p>\n","protected":false},"excerpt":{"rendered":"<p>PARA\u0106IN-Para\u0107inski odbornici do kraja godine preseli\u0107e se iz stare bioskopske sale ili male op\u0161tinske sale, gde sada zasedaju, u velelepni amfiteatar pod kupolom, ali pre &hellip; <\/p>\n","protected":false},"author":4,"featured_media":7846,"comment_status":"open","ping_status":"open","sticky":false,"template":"","format":"standard","meta":{"footnotes":""},"categories":[1524,2,1516,887],"tags":[1905,484,1907,1906,156],"_links":{"self":[{"href":"https:\/\/centralmedia.rs\/index.php\/wp-json\/wp\/v2\/posts\/7845"}],"collection":[{"href":"https:\/\/centralmedia.rs\/index.php\/wp-json\/wp\/v2\/posts"}],"about":[{"href":"https:\/\/centralmedia.rs\/index.php\/wp-json\/wp\/v2\/types\/post"}],"author":[{"embeddable":true,"href":"https:\/\/centralmedia.rs\/index.php\/wp-json\/wp\/v2\/users\/4"}],"replies":[{"embeddable":true,"href":"https:\/\/centralmedia.rs\/index.php\/wp-json\/wp\/v2\/comments?post=7845"}],"version-history":[{"count":0,"href":"https:\/\/centralmedia.rs\/index.php\/wp-json\/wp\/v2\/posts\/7845\/revisions"}],"wp:featuredmedia":[{"embeddable":true,"href":"https:\/\/centralmedia.rs\/index.php\/wp-json\/wp\/v2\/media\/7846"}],"wp:attachment":[{"href":"https:\/\/centralmedia.rs\/index.php\/wp-json\/wp\/v2\/media?parent=7845"}],"wp:term":[{"taxonomy":"category","embeddable":true,"href":"https:\/\/centralmedia.rs\/index.php\/wp-json\/wp\/v2\/categories?post=7845"},{"taxonomy":"post_tag","embeddable":true,"href":"https:\/\/centralmedia.rs\/index.php\/wp-json\/wp\/v2\/tags?post=7845"}],"curies":[{"name":"wp","href":"https:\/\/api.w.org\/{rel}","templated":true}]}}