{"id":7851,"date":"2017-05-08T13:32:37","date_gmt":"2017-05-08T13:32:37","guid":{"rendered":"http:\/\/centralmedia.rs\/?p=7851"},"modified":"2017-05-08T13:32:37","modified_gmt":"2017-05-08T13:32:37","slug":"povodom-nedelje-zdravlja-usta-zuba-cetkice-paste-za-hiljadu-malisana","status":"publish","type":"post","link":"https:\/\/centralmedia.rs\/index.php\/2017\/05\/08\/povodom-nedelje-zdravlja-usta-zuba-cetkice-paste-za-hiljadu-malisana\/","title":{"rendered":"POVODOM NEDELJE ZDRAVLJA USTA I ZUBA &#8211; \u010cETKICE I PASTE ZA HILJADU MALI\u0160ANA"},"content":{"rendered":"<p>\u0106UPRIJA-Povodom Nedelje zdravlja usta i zuba Stomatolo\u0161ka slu\u017eba Doma zdravlja u \u0106upriji <a href=\"https:\/\/centralmedia.rs\/wp-content\/uploads\/2017\/05\/nedelja-zdravlja-usta-i-zuba-3.jpg\"><img loading=\"lazy\" decoding=\"async\" class=\"alignleft size-medium wp-image-7855\" src=\"https:\/\/centralmedia.rs\/wp-content\/uploads\/2017\/05\/nedelja-zdravlja-usta-i-zuba-3-256x300.jpg\" alt=\"\" width=\"256\" height=\"300\" srcset=\"https:\/\/centralmedia.rs\/wp-content\/uploads\/2017\/05\/nedelja-zdravlja-usta-i-zuba-3-256x300.jpg 256w, https:\/\/centralmedia.rs\/wp-content\/uploads\/2017\/05\/nedelja-zdravlja-usta-i-zuba-3.jpg 717w\" sizes=\"(max-width: 256px) 100vw, 256px\" \/><\/a>u saradnji sa lokalnom samoupravom i donatorima po\u010dela je podelu paketi\u0107a sa \u010detkicama i pastom za zube za 1.000 dece u vrti\u0107ima i prvom razredu svih <a href=\"https:\/\/centralmedia.rs\/wp-content\/uploads\/2017\/05\/nedelja-zdravlja-usta-i-zuba-1.jpg\"><img loading=\"lazy\" decoding=\"async\" class=\"alignright size-medium wp-image-7856\" src=\"https:\/\/centralmedia.rs\/wp-content\/uploads\/2017\/05\/nedelja-zdravlja-usta-i-zuba-1-280x300.jpg\" alt=\"\" width=\"280\" height=\"300\" srcset=\"https:\/\/centralmedia.rs\/wp-content\/uploads\/2017\/05\/nedelja-zdravlja-usta-i-zuba-1-280x300.jpg 280w, https:\/\/centralmedia.rs\/wp-content\/uploads\/2017\/05\/nedelja-zdravlja-usta-i-zuba-1.jpg 720w\" sizes=\"(max-width: 280px) 100vw, 280px\" \/><\/a>osnovnih \u0161kola u tom gradu. Pored toga, obezbe\u0111eno je 80 nagrada za najbolje likovne i literarne radove.<\/p>\n<p>-Po\u010detak obele\u017eavanja je 15. maja u 10 sati u VM\u0160, gde \u0107e do\u0107i deca prvih razreda iz svih skola i deca posebnim potrebama. Deli\u0107emo paste i \u010detkice svakom detetu i to 280 prvom razredu, obuhva\u0107ena su \u00a0sva gradska i seoska deca, kao i sva deca iz vrti\u0107a predskolci i manje grupe, a ima ih oko 670. Pored toga, obezbedili smo\u00a080 nagrada za najbolje crte\u017ee i literarne radove , kazala je glavna sestra Slu\u017ebe stomatilogije Doma zdravlja Nata\u0161a Stojanovi\u0107.<a href=\"https:\/\/centralmedia.rs\/wp-content\/uploads\/2017\/05\/nedelja-zdravlja-usta-i-zuba-2.jpg\"><img loading=\"lazy\" decoding=\"async\" class=\"alignright size-medium wp-image-7854\" src=\"https:\/\/centralmedia.rs\/wp-content\/uploads\/2017\/05\/nedelja-zdravlja-usta-i-zuba-2-300x169.jpg\" alt=\"\" width=\"300\" height=\"169\" srcset=\"https:\/\/centralmedia.rs\/wp-content\/uploads\/2017\/05\/nedelja-zdravlja-usta-i-zuba-2-300x169.jpg 300w, https:\/\/centralmedia.rs\/wp-content\/uploads\/2017\/05\/nedelja-zdravlja-usta-i-zuba-2-768x432.jpg 768w, https:\/\/centralmedia.rs\/wp-content\/uploads\/2017\/05\/nedelja-zdravlja-usta-i-zuba-2-1024x576.jpg 1024w, https:\/\/centralmedia.rs\/wp-content\/uploads\/2017\/05\/nedelja-zdravlja-usta-i-zuba-2.jpg 1280w\" sizes=\"(max-width: 300px) 100vw, 300px\" \/><\/a><\/p>\n<p>Nedelja zdravlja usta i zuba zvani\u010dno se obele\u017eava od 15. do 19. maja pod sloganom ,,Osmehni se zdravo\u201d.<\/p>\n","protected":false},"excerpt":{"rendered":"<p>\u0106UPRIJA-Povodom Nedelje zdravlja usta i zuba Stomatolo\u0161ka slu\u017eba Doma zdravlja u \u0106upriji u saradnji sa lokalnom samoupravom i donatorima po\u010dela je podelu paketi\u0107a sa \u010detkicama &hellip; <\/p>\n","protected":false},"author":4,"featured_media":7852,"comment_status":"open","ping_status":"open","sticky":false,"template":"","format":"standard","meta":{"footnotes":""},"categories":[1515,1524,2,887],"tags":[1909,44,1908,383],"_links":{"self":[{"href":"https:\/\/centralmedia.rs\/index.php\/wp-json\/wp\/v2\/posts\/7851"}],"collection":[{"href":"https:\/\/centralmedia.rs\/index.php\/wp-json\/wp\/v2\/posts"}],"about":[{"href":"https:\/\/centralmedia.rs\/index.php\/wp-json\/wp\/v2\/types\/post"}],"author":[{"embeddable":true,"href":"https:\/\/centralmedia.rs\/index.php\/wp-json\/wp\/v2\/users\/4"}],"replies":[{"embeddable":true,"href":"https:\/\/centralmedia.rs\/index.php\/wp-json\/wp\/v2\/comments?post=7851"}],"version-history":[{"count":0,"href":"https:\/\/centralmedia.rs\/index.php\/wp-json\/wp\/v2\/posts\/7851\/revisions"}],"wp:featuredmedia":[{"embeddable":true,"href":"https:\/\/centralmedia.rs\/index.php\/wp-json\/wp\/v2\/media\/7852"}],"wp:attachment":[{"href":"https:\/\/centralmedia.rs\/index.php\/wp-json\/wp\/v2\/media?parent=7851"}],"wp:term":[{"taxonomy":"category","embeddable":true,"href":"https:\/\/centralmedia.rs\/index.php\/wp-json\/wp\/v2\/categories?post=7851"},{"taxonomy":"post_tag","embeddable":true,"href":"https:\/\/centralmedia.rs\/index.php\/wp-json\/wp\/v2\/tags?post=7851"}],"curies":[{"name":"wp","href":"https:\/\/api.w.org\/{rel}","templated":true}]}}