{"id":7861,"date":"2017-05-08T19:10:30","date_gmt":"2017-05-08T19:10:30","guid":{"rendered":"http:\/\/centralmedia.rs\/?p=7861"},"modified":"2017-05-08T19:10:30","modified_gmt":"2017-05-08T19:10:30","slug":"koncert-za-obnovu-uciteljske-skole-u-jagodini-vasil-hadzimanov-band-u-punom-anfiteatru","status":"publish","type":"post","link":"https:\/\/centralmedia.rs\/index.php\/2017\/05\/08\/koncert-za-obnovu-uciteljske-skole-u-jagodini-vasil-hadzimanov-band-u-punom-anfiteatru\/","title":{"rendered":"KONCERT ZA OBNOVU U\u010cITELJSKE \u0160KOLE U JAGODINI &#8211; VASIL HAD\u017dIMANOV BAND U PUNOM ANFITEATRU"},"content":{"rendered":"<p>JAGODINA-Vasil Had\u017eiamanov band ve\u010deras su nastupili u prepunom\u00a0 amfiteatru Fakulteta pedago\u0161kih nauka u Jagodini, a koncert je bio humanitarnog karaktera \u00a0povodom inicijative za obnovu stare zgrade U\u010diteljske \u0161kole u Jagodini koja je sagra\u0111ena sredinom 19. veka.<a href=\"https:\/\/centralmedia.rs\/wp-content\/uploads\/2017\/05\/vasil-hadzimanov-band.jpg\"><img loading=\"lazy\" decoding=\"async\" class=\"aligncenter size-full wp-image-7863\" src=\"https:\/\/centralmedia.rs\/wp-content\/uploads\/2017\/05\/vasil-hadzimanov-band.jpg\" alt=\"\" width=\"900\" height=\"675\" srcset=\"https:\/\/centralmedia.rs\/wp-content\/uploads\/2017\/05\/vasil-hadzimanov-band.jpg 900w, https:\/\/centralmedia.rs\/wp-content\/uploads\/2017\/05\/vasil-hadzimanov-band-300x225.jpg 300w, https:\/\/centralmedia.rs\/wp-content\/uploads\/2017\/05\/vasil-hadzimanov-band-768x576.jpg 768w, https:\/\/centralmedia.rs\/wp-content\/uploads\/2017\/05\/vasil-hadzimanov-band-80x60.jpg 80w, https:\/\/centralmedia.rs\/wp-content\/uploads\/2017\/05\/vasil-hadzimanov-band-265x198.jpg 265w\" sizes=\"(max-width: 900px) 100vw, 900px\" \/><\/a><\/p>\n<p>-Mislim da treba da poma\u017eemo jedni druge, ko god da je aktivan u bilo kakvom kulturno-umetni\u010dkom i obrazovnom-edukativnom smislu, treba da se na\u0111e nama i mi da se na\u0111emo njima. Oni koji bi trebali da obrate pa\u017enju, oni se ba\u0161 i ne nalaze tu, tako da smo osu\u0111eni na samopomo\u0107. Drago mi je \u0161to smo deo cele pri\u010de, rekao je Had\u017eiamnov i istakao je da je prvi put u Jagodini, ali da \u0107e zbog lepog prijema ponovo do\u0107i.<\/p>\n<figure id=\"attachment_7864\" aria-describedby=\"caption-attachment-7864\" style=\"width: 900px\" class=\"wp-caption aligncenter\"><a href=\"https:\/\/centralmedia.rs\/wp-content\/uploads\/2017\/05\/vasil-hadzimanov-i-violeta-jovanovic.jpg\"><img loading=\"lazy\" decoding=\"async\" class=\"size-full wp-image-7864\" src=\"https:\/\/centralmedia.rs\/wp-content\/uploads\/2017\/05\/vasil-hadzimanov-i-violeta-jovanovic.jpg\" alt=\"\" width=\"900\" height=\"675\" srcset=\"https:\/\/centralmedia.rs\/wp-content\/uploads\/2017\/05\/vasil-hadzimanov-i-violeta-jovanovic.jpg 900w, https:\/\/centralmedia.rs\/wp-content\/uploads\/2017\/05\/vasil-hadzimanov-i-violeta-jovanovic-300x225.jpg 300w, https:\/\/centralmedia.rs\/wp-content\/uploads\/2017\/05\/vasil-hadzimanov-i-violeta-jovanovic-768x576.jpg 768w, https:\/\/centralmedia.rs\/wp-content\/uploads\/2017\/05\/vasil-hadzimanov-i-violeta-jovanovic-80x60.jpg 80w, https:\/\/centralmedia.rs\/wp-content\/uploads\/2017\/05\/vasil-hadzimanov-i-violeta-jovanovic-265x198.jpg 265w\" sizes=\"(max-width: 900px) 100vw, 900px\" \/><\/a><figcaption id=\"caption-attachment-7864\" class=\"wp-caption-text\">Vasil Had\u017eimanov i Violeta Jovanovi\u0107<\/figcaption><\/figure>\n<p>-Poku\u0161avamo na ovaj na\u010din da prona\u0111emo put do \u010darobnih fondova, pretpostavljam da postoje, ali mislim da kod nas nije institucionalizovan put do ovakvih fondova. Imam priliku da vidim kako to rade u EU, gde su \u010ditavi gradovi obnovljeni sa divnim blistavim fasadama i potpuno rekonstruisane zgrade univerziteta iz 19. veka, kazala je dekanka Violeta Jovanovi\u0107 i dodala da su u EU neprekidno otvoreni konkursi za rekonstrukciju starih kulurno-istorijskih zgrada.<a href=\"https:\/\/centralmedia.rs\/wp-content\/uploads\/2017\/05\/vasil-hadzimanov-band-3.jpg\"><img loading=\"lazy\" decoding=\"async\" class=\"aligncenter size-full wp-image-7865\" src=\"https:\/\/centralmedia.rs\/wp-content\/uploads\/2017\/05\/vasil-hadzimanov-band-3.jpg\" alt=\"\" width=\"900\" height=\"675\" srcset=\"https:\/\/centralmedia.rs\/wp-content\/uploads\/2017\/05\/vasil-hadzimanov-band-3.jpg 900w, https:\/\/centralmedia.rs\/wp-content\/uploads\/2017\/05\/vasil-hadzimanov-band-3-300x225.jpg 300w, https:\/\/centralmedia.rs\/wp-content\/uploads\/2017\/05\/vasil-hadzimanov-band-3-768x576.jpg 768w, https:\/\/centralmedia.rs\/wp-content\/uploads\/2017\/05\/vasil-hadzimanov-band-3-80x60.jpg 80w, https:\/\/centralmedia.rs\/wp-content\/uploads\/2017\/05\/vasil-hadzimanov-band-3-265x198.jpg 265w\" sizes=\"(max-width: 900px) 100vw, 900px\" \/><\/a><\/p>\n<p>Fakultet je sa projektom rekonstrukcije stare zgrade U\u010diteljske \u0161kole u\u010destvovao na konkursu pre godinu i po dana, ali Ministarstvo prosvete je odustalo od realizacije tog konkursa.<\/p>\n<p>-Nadam se da \u0107emo i mi do\u010dekati taj trenutak u Srbiji,a\u00a0 do tada\u00a0 skre\u0107emo pa\u017enju uz pomo\u0107 divnih gostiju. Pravimo pozitivnu medijsku sliku tra\u017ee\u0107i pomo\u0107 dr\u017eave, ali i resornog ministarstva, navela je dekanka.<\/p>\n","protected":false},"excerpt":{"rendered":"<p>JAGODINA-Vasil Had\u017eiamanov band ve\u010deras su nastupili u prepunom\u00a0 amfiteatru Fakulteta pedago\u0161kih nauka u Jagodini, a koncert je bio humanitarnog karaktera \u00a0povodom inicijative za obnovu stare &hellip; <\/p>\n","protected":false},"author":4,"featured_media":7862,"comment_status":"open","ping_status":"open","sticky":false,"template":"","format":"standard","meta":{"footnotes":""},"categories":[1524,2,1514,15,12],"tags":[269,58,1889],"_links":{"self":[{"href":"https:\/\/centralmedia.rs\/index.php\/wp-json\/wp\/v2\/posts\/7861"}],"collection":[{"href":"https:\/\/centralmedia.rs\/index.php\/wp-json\/wp\/v2\/posts"}],"about":[{"href":"https:\/\/centralmedia.rs\/index.php\/wp-json\/wp\/v2\/types\/post"}],"author":[{"embeddable":true,"href":"https:\/\/centralmedia.rs\/index.php\/wp-json\/wp\/v2\/users\/4"}],"replies":[{"embeddable":true,"href":"https:\/\/centralmedia.rs\/index.php\/wp-json\/wp\/v2\/comments?post=7861"}],"version-history":[{"count":0,"href":"https:\/\/centralmedia.rs\/index.php\/wp-json\/wp\/v2\/posts\/7861\/revisions"}],"wp:featuredmedia":[{"embeddable":true,"href":"https:\/\/centralmedia.rs\/index.php\/wp-json\/wp\/v2\/media\/7862"}],"wp:attachment":[{"href":"https:\/\/centralmedia.rs\/index.php\/wp-json\/wp\/v2\/media?parent=7861"}],"wp:term":[{"taxonomy":"category","embeddable":true,"href":"https:\/\/centralmedia.rs\/index.php\/wp-json\/wp\/v2\/categories?post=7861"},{"taxonomy":"post_tag","embeddable":true,"href":"https:\/\/centralmedia.rs\/index.php\/wp-json\/wp\/v2\/tags?post=7861"}],"curies":[{"name":"wp","href":"https:\/\/api.w.org\/{rel}","templated":true}]}}