{"id":7874,"date":"2017-05-09T10:37:51","date_gmt":"2017-05-09T10:37:51","guid":{"rendered":"http:\/\/centralmedia.rs\/?p=7874"},"modified":"2017-05-09T10:39:55","modified_gmt":"2017-05-09T10:39:55","slug":"upucani-tridesetogodisnjak-ubica-iz-paracina-boluje-od-paranoidne-psihoze","status":"publish","type":"post","link":"https:\/\/centralmedia.rs\/index.php\/2017\/05\/09\/upucani-tridesetogodisnjak-ubica-iz-paracina-boluje-od-paranoidne-psihoze\/","title":{"rendered":"UPUCANI TRIDESETOGODI\u0160NJAK UBICA IZ PARA\u0106INA &#8211; BOLUJE OD PARANOIDNE PSIHOZE"},"content":{"rendered":"<p>JAGODINA-Darko Stanojlovi\u0107-Pop (34) koji je sino\u0107 je u Jagodini te\u0161ko ranjen, iza sebe ima bogat kriminalni dosije, ali i ubistvo nedu\u017enog mladi\u0107a Veljka Stojanovi\u0107a (19) 2008. godine u Para\u0107inu, zvani\u010dno sud ga je tada proglasio neura\u010dunljivim, odnosno obolelim od najte\u017ee psihi\u010dke bolesti paranoidne psihoz, i poslao na le\u010denje.<\/p>\n<figure id=\"attachment_7875\" aria-describedby=\"caption-attachment-7875\" style=\"width: 252px\" class=\"wp-caption alignright\"><a href=\"https:\/\/centralmedia.rs\/wp-content\/uploads\/2017\/05\/darko-stanojlovic.jpg\"><img loading=\"lazy\" decoding=\"async\" class=\"size-medium wp-image-7875\" src=\"https:\/\/centralmedia.rs\/wp-content\/uploads\/2017\/05\/darko-stanojlovic-252x300.jpg\" alt=\"\" width=\"252\" height=\"300\" srcset=\"https:\/\/centralmedia.rs\/wp-content\/uploads\/2017\/05\/darko-stanojlovic-252x300.jpg 252w, https:\/\/centralmedia.rs\/wp-content\/uploads\/2017\/05\/darko-stanojlovic.jpg 756w\" sizes=\"(max-width: 252px) 100vw, 252px\" \/><\/a><figcaption id=\"caption-attachment-7875\" class=\"wp-caption-text\">Darko Stanojlovi\u0107<\/figcaption><\/figure>\n<p>Na njega pucano iz vatrenog oru\u017eja, a policija traga za po\u010diniocem. On je upucan sa vi\u0161e hitaca na parkingu marketa Roda oko 23 sata, lekari jagodinske bolnice su mu ukazali pomo\u0107, oni su potvrdili da je \u017eiv, ali i da je u te\u0161kom stanju, ali informacije gde se trenutno nalazi su opre\u010dne, jer govore da je u zadr\u017ean u Jagodini, a druge da je u pratnji anesteziologa hitno preba\u010den u KBC u Kragujevcu. Prema nezvani\u010dnim informacijama Stanojlovi\u0107 nema povrede vitalnih organa. On je najverovatnije upucan prilikom ulaska u vozilo i rafali su mu zahvatili polovinu tela. \u00a0Na njega su ispaljena 22 hica, pogo\u0111en je sa 12. Rodom iz Kru\u0161ara kod \u0106uprije, ali \u017eivi u Beogradu, niko ne zna \u010dime se bavi.<\/p>\n<figure id=\"attachment_7877\" aria-describedby=\"caption-attachment-7877\" style=\"width: 164px\" class=\"wp-caption alignright\"><a href=\"https:\/\/centralmedia.rs\/wp-content\/uploads\/2017\/05\/PARACIN-Veljko-Stojanovic-N.jpg\"><img loading=\"lazy\" decoding=\"async\" class=\"size-full wp-image-7877\" src=\"https:\/\/centralmedia.rs\/wp-content\/uploads\/2017\/05\/PARACIN-Veljko-Stojanovic-N.jpg\" alt=\"\" width=\"164\" height=\"220\" \/><\/a><figcaption id=\"caption-attachment-7877\" class=\"wp-caption-text\">Veljko Stojanovi\u0107<\/figcaption><\/figure>\n<p>Stanojlovi\u0107 je 2008. godine u centru Para\u0107ina ubio Veljka Stojanovi\u0107a (19) i prema oceni ve\u0161taka bio je neura\u010dunljiv i nesvestan svog postupka u trenutku izvr\u0161enja zlo\u010dina, \u0161to je dovelo do toga da bude upu\u0107en u specijalizovanu bolnicu na le\u010denje, a ne u zatvor. Ve\u0161taci su utvrdili da je Stanojlovi\u0107 nekoliko meseci pre ubistva oboleo od paranoidne psihoze, najte\u017ee du\u0161evne bolesti, koja isklju\u010duje kontrolu pona\u0161anja.\u00a0Zlo\u010din se dogodio 2008. godine godine u glavnoj ulici u Para\u0107inu ispred \u0107evabd\u017einice \u201eTri grozda&#8221;, u no\u0107i izme\u0111u 5. i 6. avgusta. Pijani i drogirani Stanojlovi\u0107, koji je taksijem sa devojkom do\u0161ao iz Jagodine, i usput maltretirao prolaznike i vitlao pi\u0161toljem, pri\u0161ao je Stojanovi\u0107u koji je sa bra\u0107om bio ispred \u0107evabd\u017einice. Uz re\u010di: \u201e\u0160to me, bre, ti tako gleda\u0161&#8221;, uperio je pi\u0161tolj u Veljka, a kada je on poku\u0161ao da ga odgurne, Stanojlovi\u0107 je ispalio \u010detiri hica iz \u201etetejca&#8221;, od kojih je jedan Veljku pro\u0161ao pravo kroz srce. Ubica je pobegao, ali ga je policija istog dana uhapsila u iznajmljenom stanu u Para\u0107inu, u spektakularnoj akciji u kojoj su u\u010destvovali i pripadnici PTJ-a.<\/p>\n<div id='gallery-1' class='gallery galleryid-7874 gallery-columns-5 gallery-size-thumbnail'><figure class='gallery-item'>\n\t\t\t<div class='gallery-icon landscape'>\n\t\t\t\t<a href='https:\/\/centralmedia.rs\/index.php\/2017\/05\/09\/upucani-tridesetogodisnjak-ubica-iz-paracina-boluje-od-paranoidne-psihoze\/darko-hapsenje\/'><img loading=\"lazy\" decoding=\"async\" width=\"150\" height=\"150\" src=\"https:\/\/centralmedia.rs\/wp-content\/uploads\/2017\/05\/darko-hapsenje-150x150.jpg\" class=\"attachment-thumbnail size-thumbnail\" alt=\"\" \/><\/a>\n\t\t\t<\/div><\/figure><figure class='gallery-item'>\n\t\t\t<div class='gallery-icon landscape'>\n\t\t\t\t<a href='https:\/\/centralmedia.rs\/index.php\/2017\/05\/09\/upucani-tridesetogodisnjak-ubica-iz-paracina-boluje-od-paranoidne-psihoze\/hapsenje-2008-3\/'><img loading=\"lazy\" decoding=\"async\" width=\"150\" height=\"150\" src=\"https:\/\/centralmedia.rs\/wp-content\/uploads\/2017\/05\/hapsenje-2008-3-150x150.jpg\" class=\"attachment-thumbnail size-thumbnail\" alt=\"\" \/><\/a>\n\t\t\t<\/div><\/figure><figure class='gallery-item'>\n\t\t\t<div class='gallery-icon landscape'>\n\t\t\t\t<a href='https:\/\/centralmedia.rs\/index.php\/2017\/05\/09\/upucani-tridesetogodisnjak-ubica-iz-paracina-boluje-od-paranoidne-psihoze\/hapsenje-2008-2\/'><img loading=\"lazy\" decoding=\"async\" width=\"150\" height=\"150\" src=\"https:\/\/centralmedia.rs\/wp-content\/uploads\/2017\/05\/hapsenje-2008-2-150x150.jpg\" class=\"attachment-thumbnail size-thumbnail\" alt=\"\" \/><\/a>\n\t\t\t<\/div><\/figure><figure class='gallery-item'>\n\t\t\t<div class='gallery-icon landscape'>\n\t\t\t\t<a href='https:\/\/centralmedia.rs\/index.php\/2017\/05\/09\/upucani-tridesetogodisnjak-ubica-iz-paracina-boluje-od-paranoidne-psihoze\/hapsenje-2008-1\/'><img loading=\"lazy\" decoding=\"async\" width=\"150\" height=\"150\" src=\"https:\/\/centralmedia.rs\/wp-content\/uploads\/2017\/05\/hapsenje-2008-1-150x150.jpg\" class=\"attachment-thumbnail size-thumbnail\" alt=\"\" \/><\/a>\n\t\t\t<\/div><\/figure><figure class='gallery-item'>\n\t\t\t<div class='gallery-icon landscape'>\n\t\t\t\t<a href='https:\/\/centralmedia.rs\/index.php\/2017\/05\/09\/upucani-tridesetogodisnjak-ubica-iz-paracina-boluje-od-paranoidne-psihoze\/hapsenje-2008\/'><img loading=\"lazy\" decoding=\"async\" width=\"150\" height=\"150\" src=\"https:\/\/centralmedia.rs\/wp-content\/uploads\/2017\/05\/hapsenje-2008-150x150.jpg\" class=\"attachment-thumbnail size-thumbnail\" alt=\"\" \/><\/a>\n\t\t\t<\/div><\/figure>\n\t\t<\/div>\n\n<p>Nakon zavr\u0161ene istrage protiv Stanojlovi\u0107a je podignuta optu\u017enica za svirepo ubistvo, ali je na glavnom pretresu optu\u017enica preina\u010dena u skladu sa nalazom ve\u0161taka. Stanojlovi\u0107 je bar prema fotografijama na dru\u0161tvenim mre\u017eema, posle uspe\u0161nog le\u010denja, \u00a0pu\u0161ten na slobodu.<\/p>\n<p>Kako su mediji tada pisali Stanojlovi\u0107 \u00a0je policiji poznat kao u\u010desnik u brojnim obra\u010dunima \u0107uprijskih kriminalaca i kao momak koji olako pote\u017ee oru\u017eje. Za njim pre ubistva u Para\u0107inu bila raspisana poternica zbog pucnjave ispred Op\u0161tinskog suda u \u0106upriji.\u00a0On je po\u010dekom 2008 godine sa svojim telohraniteljem, poku\u0161ao da ubije Bojana R., zbog ranijih nera\u0161\u010di\u0161\u0107enih ra\u010duna. To se dogodilo usred dana ispred Op\u0161tinskog suda u \u0106upriji, u koji je Bojan R. krenuo da bi dao iskaz u vezi sa jednim krivi\u010dnim delom. Obe strane ispalile su osam metaka, na sre\u0107u, niko nije stradao iako je u tom trenutku park ispred suda bio pun advokata i slu\u010dajnih prolaznika.<\/p>\n<p>&nbsp;<\/p>\n<p>&nbsp;<\/p>\n","protected":false},"excerpt":{"rendered":"<p>JAGODINA-Darko Stanojlovi\u0107-Pop (34) koji je sino\u0107 je u Jagodini te\u0161ko ranjen, iza sebe ima bogat kriminalni dosije, ali i ubistvo nedu\u017enog mladi\u0107a Veljka Stojanovi\u0107a (19) &hellip; <\/p>\n","protected":false},"author":4,"featured_media":7878,"comment_status":"open","ping_status":"open","sticky":false,"template":"","format":"standard","meta":{"footnotes":""},"categories":[1524,20,2,1514],"tags":[58,1916,1915,1917],"_links":{"self":[{"href":"https:\/\/centralmedia.rs\/index.php\/wp-json\/wp\/v2\/posts\/7874"}],"collection":[{"href":"https:\/\/centralmedia.rs\/index.php\/wp-json\/wp\/v2\/posts"}],"about":[{"href":"https:\/\/centralmedia.rs\/index.php\/wp-json\/wp\/v2\/types\/post"}],"author":[{"embeddable":true,"href":"https:\/\/centralmedia.rs\/index.php\/wp-json\/wp\/v2\/users\/4"}],"replies":[{"embeddable":true,"href":"https:\/\/centralmedia.rs\/index.php\/wp-json\/wp\/v2\/comments?post=7874"}],"version-history":[{"count":0,"href":"https:\/\/centralmedia.rs\/index.php\/wp-json\/wp\/v2\/posts\/7874\/revisions"}],"wp:featuredmedia":[{"embeddable":true,"href":"https:\/\/centralmedia.rs\/index.php\/wp-json\/wp\/v2\/media\/7878"}],"wp:attachment":[{"href":"https:\/\/centralmedia.rs\/index.php\/wp-json\/wp\/v2\/media?parent=7874"}],"wp:term":[{"taxonomy":"category","embeddable":true,"href":"https:\/\/centralmedia.rs\/index.php\/wp-json\/wp\/v2\/categories?post=7874"},{"taxonomy":"post_tag","embeddable":true,"href":"https:\/\/centralmedia.rs\/index.php\/wp-json\/wp\/v2\/tags?post=7874"}],"curies":[{"name":"wp","href":"https:\/\/api.w.org\/{rel}","templated":true}]}}