{"id":7906,"date":"2017-05-11T21:41:41","date_gmt":"2017-05-11T21:41:41","guid":{"rendered":"http:\/\/centralmedia.rs\/?p=7906"},"modified":"2017-05-11T21:41:41","modified_gmt":"2017-05-11T21:41:41","slug":"pocelo-sudjenje-osumnjicenom-za-silovanje-negirao-silovanje-pastorke","status":"publish","type":"post","link":"https:\/\/centralmedia.rs\/index.php\/2017\/05\/11\/pocelo-sudjenje-osumnjicenom-za-silovanje-negirao-silovanje-pastorke\/","title":{"rendered":"PO\u010cELO SU\u0110ENJE OSUMNJI\u010cENOM ZA SILOVANJE &#8211; NEGIRAO SILOVANJE PASTORKE"},"content":{"rendered":"<p>JAGODINA-Vladan Zdravkovi\u0107 (45) iz Despotovca na po\u010detku su\u0111enja u Vi\u0161em sudu u Jagodini negirao je optu\u017enicu da je silovao S.M. (14). Njega optu\u017enica \u00a0tereti da je po\u010dinio te\u017ei oblik silovanja za koji je najmanja zapre\u0107ena kazna 10 godina zatvora, a maksimalna 40 godina.<\/p>\n<p>-Za Vladana Zdravkovi\u0107a, koji je pet godina zlostavljao moju \u0107erku uz znanje majke, o\u010dekujem 40 godina kazne i krivi\u010dno gonjenje majke za \u0107utanje. Pored toga, po\u010dela je istraga i za starijeg \u010doveka koji je napadao moju \u0107erku, rekao je revoltirano Sa\u0161a Mrati\u0107 otac zlostavljane devoj\u010dice, koji ka\u017ee da mu nije omogu\u0107eno da prisustvuje po\u010detku su\u0111enja.<\/p>\n<p>On je podneo tu\u017ebu protiv biv\u0161e supruge za dobijanje starateljstva nad \u0107erkom. Mrati\u0107 \u017eivi u Aleksandrovcu kod \u017dabara i ka\u017ee da ga je biv\u0161a supruga ranije spre\u010davala da vi\u0111a \u0107erku. Su\u0111enje bilo zatvoreno za javnost, ali je trajalo nekoliko sati,\u00a0 saslu\u0161avani su okrivljeni, svedoci i ve\u0161taci. Na slede\u0107e ro\u010di\u0161tu bi\u0107e pregledano video svedo\u010denje o\u0161te\u0107ene maloletnice, koja je svedo\u010dila po posebnom programu.<\/p>\n<p>-Dete je prijavilo slu\u010daj, nisam ni\u0161ta znala. Sve je bilo normalno. To samo mogu da ka\u017eem, ni ja jo\u0161 uvek ne mogu da verujem, ali \u0161ta \u0107u. Dete je sklonjeno. Nije mi ni do \u010dega. Imam troje dece. Kao majka se grozno ose\u0107am. O\u010dekujem da Vladan zavr\u0161i u zatvoru i da nikad ne iza\u0111e. Dete \u0107e se vratiti ku\u0107i i \u017eive\u0107emo normalno. Jeste da je te\u0161ko, ali dobro, pri\u010dala je majka Danijela Miladinovi\u0107 devoj\u010dice u televizijskim emisijama.<\/p>\n<p>U Centru za socijalni rad ka\u017eu da je devoj\u010dica sme\u0161tena u hraniteljsku porodicu 24 sata posle saznavanja da je po\u010dinjeno krivi\u010dno delo.<\/p>\n<p>-Lepo se razvija, napreduje, zadovoljni smo njenim postignu\u0107ima, li\u010dna higijena, odr\u017eavanje sobe, u \u0161koli je vidan napredak. Me\u0111utim posle televizijskih emisija, kada je najgrublje prekr\u0161en zakon i otkriven identitet deteta, morali smo da anga\u017eujemo psihosocijalu podr\u0161ku. Po zahtevu oca i uz saglasnost deteta organizovali smo vi\u0111enje u centru sa ocem i srodnicima. Sada se \u010duju preko telefona. Ponovi\u0107emo susret kada dete bude izrazilo \u017eelju. Dete se vi\u0111a sa majkom i babom, ono njih nije optu\u017eilo. U toku je sudski proces i posle okon\u010danja i presude done\u0107emo kona\u010dnu odluku o tome gde \u0107e dete nastaviti da \u017eivi, da li kod roditelja ili u hraniteljskoj porodici, rekao je direktor Centra za socijali rad Radoslav Ra\u010di\u0107.<\/p>\n<p>Slu\u010daj je otkriven kad se tinejd\u017eerka po\u017ealila \u0161kolskom psihologu. Navodno devoj\u010dica je kazala da je o\u010duh silovao kada je imala devet godina u ku\u0107i koju je \u010duvao. \u017dalila se majci, ali umesto podr\u0161e dobijala je grdnje.<\/p>\n<p>Vladan je pre deset godina iz sela Bogava do\u0161ao da \u017eivi sa Danijelom Miladinovi\u0107, majkom nesre\u0107ne devoj\u010dice, sa kojom ima sedmogodi\u0161njeg sina i \u010detvorogodi\u0161nju \u0107erku.<\/p>\n<p>&nbsp;<\/p>\n","protected":false},"excerpt":{"rendered":"<p>JAGODINA-Vladan Zdravkovi\u0107 (45) iz Despotovca na po\u010detku su\u0111enja u Vi\u0161em sudu u Jagodini negirao je optu\u017enicu da je silovao S.M. (14). Njega optu\u017enica \u00a0tereti da &hellip; <\/p>\n","protected":false},"author":4,"featured_media":7907,"comment_status":"open","ping_status":"open","sticky":false,"template":"","format":"standard","meta":{"footnotes":""},"categories":[1518,1524,20,2,1514],"tags":[51,318,489,1923,256],"_links":{"self":[{"href":"https:\/\/centralmedia.rs\/index.php\/wp-json\/wp\/v2\/posts\/7906"}],"collection":[{"href":"https:\/\/centralmedia.rs\/index.php\/wp-json\/wp\/v2\/posts"}],"about":[{"href":"https:\/\/centralmedia.rs\/index.php\/wp-json\/wp\/v2\/types\/post"}],"author":[{"embeddable":true,"href":"https:\/\/centralmedia.rs\/index.php\/wp-json\/wp\/v2\/users\/4"}],"replies":[{"embeddable":true,"href":"https:\/\/centralmedia.rs\/index.php\/wp-json\/wp\/v2\/comments?post=7906"}],"version-history":[{"count":0,"href":"https:\/\/centralmedia.rs\/index.php\/wp-json\/wp\/v2\/posts\/7906\/revisions"}],"wp:featuredmedia":[{"embeddable":true,"href":"https:\/\/centralmedia.rs\/index.php\/wp-json\/wp\/v2\/media\/7907"}],"wp:attachment":[{"href":"https:\/\/centralmedia.rs\/index.php\/wp-json\/wp\/v2\/media?parent=7906"}],"wp:term":[{"taxonomy":"category","embeddable":true,"href":"https:\/\/centralmedia.rs\/index.php\/wp-json\/wp\/v2\/categories?post=7906"},{"taxonomy":"post_tag","embeddable":true,"href":"https:\/\/centralmedia.rs\/index.php\/wp-json\/wp\/v2\/tags?post=7906"}],"curies":[{"name":"wp","href":"https:\/\/api.w.org\/{rel}","templated":true}]}}